{"id":10767,"date":"2020-05-20T12:37:00","date_gmt":"2020-05-20T10:37:00","guid":{"rendered":"https:\/\/bekament.com\/pravo-je-vreme-da-podrzimo-srpsku-privredu\/"},"modified":"2024-09-22T15:02:05","modified_gmt":"2024-09-22T13:02:05","slug":"pravo-je-vreme-da-podrzimo-srpsku-privredu","status":"publish","type":"post","link":"https:\/\/www.bekament.com\/de\/pravo-je-vreme-da-podrzimo-srpsku-privredu\/","title":{"rendered":"Jetzt ist die richtige Zeit, um die serbische Wirtschaft zu unterst\u00fctzen!\""},"content":{"rendered":"\n<p>\"Die Firma Bekament hat sich seit ihrer Gr\u00fcndung bis heute zu einem starken, einheimischen Unternehmen entwickelt, das in allen Bereichen seines Gesch\u00e4ftsbetriebs zum Wachstum und zur Stabilit\u00e4t der serbischen Wirtschaft und der Gesamtwirtschaft beitr\u00e4gt.\"<\/p>\n\n<p>\"Die besondere Unterst\u00fctzung der heimischen Produktion liegt in der Tatsache, dass Bekament, als eines der technologisch fortschrittlichsten Unternehmen, einen vollst\u00e4ndig integrierten Produktionsprozess besitzt \u2013 von den Rohstoffen bis zum Endprodukt. Dies erm\u00f6glicht es dem Unternehmen, hochwertige Produkte auf dem Markt in Serbien und der Region anzubieten, deren Kauf reale Bedingungen f\u00fcr die Erh\u00f6hung der Besch\u00e4ftigung, eine stabilere heimische Wirtschaft und einen allgemeinen Anstieg des Lebensstandards schafft.\"<\/p>\n\n<p>\"W\u00e4hrend des Kampfes gegen die Pandemie zeigte sich die St\u00e4rke des Unternehmens Bekament in der Schnelligkeit und Flexibilit\u00e4t, mit der es sich an die spezifischen Arbeitsbedingungen anpasste.\"<\/p>\n\n<p>\"Jetzt kann das Unternehmen mit einem verantwortungsvollen Ansatz prahlen, den es haupts\u00e4chlich zum Schutz seiner Mitarbeiter umgesetzt hat, indem es Gesundheits- und Schutzausr\u00fcstung bereitgestellt und die M\u00f6glichkeit des Homeoffice angeboten hat.\"<\/p>\n\n<p>\"Obwohl das Unternehmen Bekament in dieser kritischen Phase mit einem R\u00fcckgang des Umsatzes konfrontiert war, hat es seinen Mitarbeitern regelm\u00e4\u00dfige Eink\u00fcnfte ohne jegliche K\u00fcrzungen sichergestellt. Zudem wurden alle Arbeitspl\u00e4tze der Mitarbeiter erhalten und es wurde die M\u00f6glichkeit f\u00fcr die Schaffung neuer Arbeitspl\u00e4tze geschaffen.\" <\/p>\n\n<p>\"Von Anfang M\u00e4rz bis zum Ende des Ausnahmezustands wurde das Bekament-Team um 20 neue Mitarbeiter erweitert.\"<\/p>\n\n<p>\"Mit seinem Beispiel wird Bekament weiterhin das Bewusstsein f\u00fcr die Bedeutung der Unterst\u00fctzung der serbischen Wirtschaft und den Kauf hochwertiger heimischer Produkte sch\u00e4rfen, um einen positiven Einfluss auf den Lebensstandard aller unserer B\u00fcrger zu erreichen.\"<\/p>\n","protected":false},"excerpt":{"rendered":"<p>\"Die Firma Bekament hat sich seit ihrer Gr\u00fcndung bis heute zu einem starken, einheimischen Unternehmen entwickelt, das in allen Bereichen seines Gesch\u00e4ftsbetriebs zum Wachstum und zur Stabilit\u00e4t der serbischen Wirtschaft und der Gesamtwirtschaft beitr\u00e4gt.\"<\/p>\n","protected":false},"author":1,"featured_media":10768,"comment_status":"open","ping_status":"open","sticky":false,"template":"","format":"standard","meta":{"_acf_changed":false,"inline_featured_image":false,"footnotes":""},"categories":[145],"tags":[],"class_list":["post-10767","post","type-post","status-publish","format-standard","has-post-thumbnail","hentry","category-vesti-de"],"acf":[],"yoast_head":"<!-- This site is optimized with the Yoast SEO plugin v27.1.1 - https:\/\/yoast.com\/product\/yoast-seo-wordpress\/ -->\n<title>Jetzt ist die richtige Zeit, um die serbische Wirtschaft zu unterst\u00fctzen!&quot; - Bekament<\/title>\n<meta name=\"description\" content=\"&quot;Bekament, eines der technologisch fortschrittlichsten Unternehmen in der Region in der Produktion von Materialien f\u00fcr den Abschlussbau, hat einen erfolgreichen Entwicklungsweg eingeschlagen. | Jetzt ist die richtige Zeit, um die serbische Wirtschaft zu unterst\u00fctzen!&quot;\" \/>\n<meta name=\"robots\" content=\"index, follow, max-snippet:-1, max-image-preview:large, max-video-preview:-1\" \/>\n<link rel=\"canonical\" href=\"https:\/\/www.bekament.com\/de\/pravo-je-vreme-da-podrzimo-srpsku-privredu\/\" \/>\n<meta property=\"og:locale\" content=\"de_DE\" \/>\n<meta property=\"og:type\" content=\"article\" \/>\n<meta property=\"og:title\" content=\"Jetzt ist die richtige Zeit, um die serbische Wirtschaft zu unterst\u00fctzen!&quot; - Bekament\" \/>\n<meta property=\"og:description\" content=\"&quot;Bekament, eines der technologisch fortschrittlichsten Unternehmen in der Region in der Produktion von Materialien f\u00fcr den Abschlussbau, hat einen erfolgreichen Entwicklungsweg eingeschlagen. | Jetzt ist die richtige Zeit, um die serbische Wirtschaft zu unterst\u00fctzen!&quot;\" \/>\n<meta property=\"og:url\" content=\"https:\/\/www.bekament.com\/de\/pravo-je-vreme-da-podrzimo-srpsku-privredu\/\" \/>\n<meta property=\"og:site_name\" content=\"Bekament\" \/>\n<meta property=\"article:publisher\" content=\"https:\/\/www.facebook.com\/Bekament\/\" \/>\n<meta property=\"article:published_time\" content=\"2020-05-20T10:37:00+00:00\" \/>\n<meta property=\"article:modified_time\" content=\"2024-09-22T13:02:05+00:00\" \/>\n<meta property=\"og:image\" content=\"https:\/\/www.bekament.com\/wp-content\/uploads\/2021\/09\/62-bkm-objava-824x431px-naslovna-vesti-1-medium-jpg.jpg\" \/>\n\t<meta property=\"og:image:width\" content=\"825\" \/>\n\t<meta property=\"og:image:height\" content=\"432\" \/>\n\t<meta property=\"og:image:type\" content=\"image\/jpeg\" \/>\n<meta name=\"author\" content=\"admin\" \/>\n<meta name=\"twitter:card\" content=\"summary_large_image\" \/>\n<meta name=\"twitter:label1\" content=\"Verfasst von\" \/>\n\t<meta name=\"twitter:data1\" content=\"admin\" \/>\n\t<meta name=\"twitter:label2\" content=\"Gesch\u00e4tzte Lesezeit\" \/>\n\t<meta name=\"twitter:data2\" content=\"2\u00a0Minuten\" \/>\n<script type=\"application\/ld+json\" class=\"yoast-schema-graph\">{\"@context\":\"https:\/\/schema.org\",\"@graph\":[{\"@type\":\"Article\",\"@id\":\"https:\/\/www.bekament.com\/de\/pravo-je-vreme-da-podrzimo-srpsku-privredu\/#article\",\"isPartOf\":{\"@id\":\"https:\/\/www.bekament.com\/de\/pravo-je-vreme-da-podrzimo-srpsku-privredu\/\"},\"author\":{\"name\":\"admin\",\"@id\":\"https:\/\/www.bekament.com\/de\/#\/schema\/person\/7d117e01a27b9a95bc635430b5928bd4\"},\"headline\":\"Jetzt ist die richtige Zeit, um die serbische Wirtschaft zu unterst\u00fctzen!\\\"\",\"datePublished\":\"2020-05-20T10:37:00+00:00\",\"dateModified\":\"2024-09-22T13:02:05+00:00\",\"mainEntityOfPage\":{\"@id\":\"https:\/\/www.bekament.com\/de\/pravo-je-vreme-da-podrzimo-srpsku-privredu\/\"},\"wordCount\":291,\"commentCount\":0,\"publisher\":{\"@id\":\"https:\/\/www.bekament.com\/de\/#organization\"},\"image\":{\"@id\":\"https:\/\/www.bekament.com\/de\/pravo-je-vreme-da-podrzimo-srpsku-privredu\/#primaryimage\"},\"thumbnailUrl\":\"https:\/\/www.bekament.com\/wp-content\/uploads\/2021\/09\/62-bkm-objava-824x431px-naslovna-vesti-1-medium-jpg.jpg\",\"articleSection\":[\"Vesti\"],\"inLanguage\":\"de\",\"potentialAction\":[{\"@type\":\"CommentAction\",\"name\":\"Comment\",\"target\":[\"https:\/\/www.bekament.com\/de\/pravo-je-vreme-da-podrzimo-srpsku-privredu\/#respond\"]}]},{\"@type\":\"WebPage\",\"@id\":\"https:\/\/www.bekament.com\/de\/pravo-je-vreme-da-podrzimo-srpsku-privredu\/\",\"url\":\"https:\/\/www.bekament.com\/de\/pravo-je-vreme-da-podrzimo-srpsku-privredu\/\",\"name\":\"Jetzt ist die richtige Zeit, um die serbische Wirtschaft zu unterst\u00fctzen!\\\" - Bekament\",\"isPartOf\":{\"@id\":\"https:\/\/www.bekament.com\/de\/#website\"},\"primaryImageOfPage\":{\"@id\":\"https:\/\/www.bekament.com\/de\/pravo-je-vreme-da-podrzimo-srpsku-privredu\/#primaryimage\"},\"image\":{\"@id\":\"https:\/\/www.bekament.com\/de\/pravo-je-vreme-da-podrzimo-srpsku-privredu\/#primaryimage\"},\"thumbnailUrl\":\"https:\/\/www.bekament.com\/wp-content\/uploads\/2021\/09\/62-bkm-objava-824x431px-naslovna-vesti-1-medium-jpg.jpg\",\"datePublished\":\"2020-05-20T10:37:00+00:00\",\"dateModified\":\"2024-09-22T13:02:05+00:00\",\"description\":\"\\\"Bekament, eines der technologisch fortschrittlichsten Unternehmen in der Region in der Produktion von Materialien f\u00fcr den Abschlussbau, hat einen erfolgreichen Entwicklungsweg eingeschlagen. | Jetzt ist die richtige Zeit, um die serbische Wirtschaft zu unterst\u00fctzen!\\\"\",\"breadcrumb\":{\"@id\":\"https:\/\/www.bekament.com\/de\/pravo-je-vreme-da-podrzimo-srpsku-privredu\/#breadcrumb\"},\"inLanguage\":\"de\",\"potentialAction\":[{\"@type\":\"ReadAction\",\"target\":[\"https:\/\/www.bekament.com\/de\/pravo-je-vreme-da-podrzimo-srpsku-privredu\/\"]}]},{\"@type\":\"ImageObject\",\"inLanguage\":\"de\",\"@id\":\"https:\/\/www.bekament.com\/de\/pravo-je-vreme-da-podrzimo-srpsku-privredu\/#primaryimage\",\"url\":\"https:\/\/www.bekament.com\/wp-content\/uploads\/2021\/09\/62-bkm-objava-824x431px-naslovna-vesti-1-medium-jpg.jpg\",\"contentUrl\":\"https:\/\/www.bekament.com\/wp-content\/uploads\/2021\/09\/62-bkm-objava-824x431px-naslovna-vesti-1-medium-jpg.jpg\",\"width\":825,\"height\":432},{\"@type\":\"BreadcrumbList\",\"@id\":\"https:\/\/www.bekament.com\/de\/pravo-je-vreme-da-podrzimo-srpsku-privredu\/#breadcrumb\",\"itemListElement\":[{\"@type\":\"ListItem\",\"position\":1,\"name\":\"Home\",\"item\":\"https:\/\/www.bekament.com\/de\/\"},{\"@type\":\"ListItem\",\"position\":2,\"name\":\"Jetzt ist die richtige Zeit, um die serbische Wirtschaft zu unterst\u00fctzen!\\\"\"}]},{\"@type\":\"WebSite\",\"@id\":\"https:\/\/www.bekament.com\/de\/#website\",\"url\":\"https:\/\/www.bekament.com\/de\/\",\"name\":\"Bekament\",\"description\":\"\",\"publisher\":{\"@id\":\"https:\/\/www.bekament.com\/de\/#organization\"},\"potentialAction\":[{\"@type\":\"SearchAction\",\"target\":{\"@type\":\"EntryPoint\",\"urlTemplate\":\"https:\/\/www.bekament.com\/de\/?s={search_term_string}\"},\"query-input\":{\"@type\":\"PropertyValueSpecification\",\"valueRequired\":true,\"valueName\":\"search_term_string\"}}],\"inLanguage\":\"de\"},{\"@type\":\"Organization\",\"@id\":\"https:\/\/www.bekament.com\/de\/#organization\",\"name\":\"Bekament\",\"url\":\"https:\/\/www.bekament.com\/de\/\",\"logo\":{\"@type\":\"ImageObject\",\"inLanguage\":\"de\",\"@id\":\"https:\/\/www.bekament.com\/de\/#\/schema\/logo\/image\/\",\"url\":\"https:\/\/www.bekament.com\/wp-content\/uploads\/2024\/06\/bekament-logo-full.png\",\"contentUrl\":\"https:\/\/www.bekament.com\/wp-content\/uploads\/2024\/06\/bekament-logo-full.png\",\"width\":321,\"height\":53,\"caption\":\"Bekament\"},\"image\":{\"@id\":\"https:\/\/www.bekament.com\/de\/#\/schema\/logo\/image\/\"},\"sameAs\":[\"https:\/\/www.facebook.com\/Bekament\/\",\"https:\/\/www.linkedin.com\/company\/bekament\/?originalSubdomain=rs\",\"https:\/\/www.instagram.com\/bekamentsrb\",\"https:\/\/www.youtube.com\/channel\/UC-pSPBUIrN_FO3OwAN200Jw\"]},{\"@type\":\"Person\",\"@id\":\"https:\/\/www.bekament.com\/de\/#\/schema\/person\/7d117e01a27b9a95bc635430b5928bd4\",\"name\":\"admin\",\"image\":{\"@type\":\"ImageObject\",\"inLanguage\":\"de\",\"@id\":\"https:\/\/www.bekament.com\/de\/#\/schema\/person\/image\/\",\"url\":\"https:\/\/www.bekament.com\/wp-content\/litespeed\/avatar\/efdccd4af1c95c7b91d0ecae2aac20d3.jpg?ver=1777209586\",\"contentUrl\":\"https:\/\/www.bekament.com\/wp-content\/litespeed\/avatar\/efdccd4af1c95c7b91d0ecae2aac20d3.jpg?ver=1777209586\",\"caption\":\"admin\"},\"sameAs\":[\"https:\/\/bekament.com\"],\"url\":\"https:\/\/www.bekament.com\/de\/author\/bekament\/\"}]}<\/script>\n<!-- \/ Yoast SEO plugin. -->","yoast_head_json":{"title":"Jetzt ist die richtige Zeit, um die serbische Wirtschaft zu unterst\u00fctzen!\" - Bekament","description":"\"Bekament, eines der technologisch fortschrittlichsten Unternehmen in der Region in der Produktion von Materialien f\u00fcr den Abschlussbau, hat einen erfolgreichen Entwicklungsweg eingeschlagen. | Jetzt ist die richtige Zeit, um die serbische Wirtschaft zu unterst\u00fctzen!\"","robots":{"index":"index","follow":"follow","max-snippet":"max-snippet:-1","max-image-preview":"max-image-preview:large","max-video-preview":"max-video-preview:-1"},"canonical":"https:\/\/www.bekament.com\/de\/pravo-je-vreme-da-podrzimo-srpsku-privredu\/","og_locale":"de_DE","og_type":"article","og_title":"Jetzt ist die richtige Zeit, um die serbische Wirtschaft zu unterst\u00fctzen!\" - Bekament","og_description":"\"Bekament, eines der technologisch fortschrittlichsten Unternehmen in der Region in der Produktion von Materialien f\u00fcr den Abschlussbau, hat einen erfolgreichen Entwicklungsweg eingeschlagen. | Jetzt ist die richtige Zeit, um die serbische Wirtschaft zu unterst\u00fctzen!\"","og_url":"https:\/\/www.bekament.com\/de\/pravo-je-vreme-da-podrzimo-srpsku-privredu\/","og_site_name":"Bekament","article_publisher":"https:\/\/www.facebook.com\/Bekament\/","article_published_time":"2020-05-20T10:37:00+00:00","article_modified_time":"2024-09-22T13:02:05+00:00","og_image":[{"width":825,"height":432,"url":"https:\/\/www.bekament.com\/wp-content\/uploads\/2021\/09\/62-bkm-objava-824x431px-naslovna-vesti-1-medium-jpg.jpg","type":"image\/jpeg"}],"author":"admin","twitter_card":"summary_large_image","twitter_misc":{"Verfasst von":"admin","Gesch\u00e4tzte Lesezeit":"2\u00a0Minuten"},"schema":{"@context":"https:\/\/schema.org","@graph":[{"@type":"Article","@id":"https:\/\/www.bekament.com\/de\/pravo-je-vreme-da-podrzimo-srpsku-privredu\/#article","isPartOf":{"@id":"https:\/\/www.bekament.com\/de\/pravo-je-vreme-da-podrzimo-srpsku-privredu\/"},"author":{"name":"admin","@id":"https:\/\/www.bekament.com\/de\/#\/schema\/person\/7d117e01a27b9a95bc635430b5928bd4"},"headline":"Jetzt ist die richtige Zeit, um die serbische Wirtschaft zu unterst\u00fctzen!\"","datePublished":"2020-05-20T10:37:00+00:00","dateModified":"2024-09-22T13:02:05+00:00","mainEntityOfPage":{"@id":"https:\/\/www.bekament.com\/de\/pravo-je-vreme-da-podrzimo-srpsku-privredu\/"},"wordCount":291,"commentCount":0,"publisher":{"@id":"https:\/\/www.bekament.com\/de\/#organization"},"image":{"@id":"https:\/\/www.bekament.com\/de\/pravo-je-vreme-da-podrzimo-srpsku-privredu\/#primaryimage"},"thumbnailUrl":"https:\/\/www.bekament.com\/wp-content\/uploads\/2021\/09\/62-bkm-objava-824x431px-naslovna-vesti-1-medium-jpg.jpg","articleSection":["Vesti"],"inLanguage":"de","potentialAction":[{"@type":"CommentAction","name":"Comment","target":["https:\/\/www.bekament.com\/de\/pravo-je-vreme-da-podrzimo-srpsku-privredu\/#respond"]}]},{"@type":"WebPage","@id":"https:\/\/www.bekament.com\/de\/pravo-je-vreme-da-podrzimo-srpsku-privredu\/","url":"https:\/\/www.bekament.com\/de\/pravo-je-vreme-da-podrzimo-srpsku-privredu\/","name":"Jetzt ist die richtige Zeit, um die serbische Wirtschaft zu unterst\u00fctzen!\" - Bekament","isPartOf":{"@id":"https:\/\/www.bekament.com\/de\/#website"},"primaryImageOfPage":{"@id":"https:\/\/www.bekament.com\/de\/pravo-je-vreme-da-podrzimo-srpsku-privredu\/#primaryimage"},"image":{"@id":"https:\/\/www.bekament.com\/de\/pravo-je-vreme-da-podrzimo-srpsku-privredu\/#primaryimage"},"thumbnailUrl":"https:\/\/www.bekament.com\/wp-content\/uploads\/2021\/09\/62-bkm-objava-824x431px-naslovna-vesti-1-medium-jpg.jpg","datePublished":"2020-05-20T10:37:00+00:00","dateModified":"2024-09-22T13:02:05+00:00","description":"\"Bekament, eines der technologisch fortschrittlichsten Unternehmen in der Region in der Produktion von Materialien f\u00fcr den Abschlussbau, hat einen erfolgreichen Entwicklungsweg eingeschlagen. | Jetzt ist die richtige Zeit, um die serbische Wirtschaft zu unterst\u00fctzen!\"","breadcrumb":{"@id":"https:\/\/www.bekament.com\/de\/pravo-je-vreme-da-podrzimo-srpsku-privredu\/#breadcrumb"},"inLanguage":"de","potentialAction":[{"@type":"ReadAction","target":["https:\/\/www.bekament.com\/de\/pravo-je-vreme-da-podrzimo-srpsku-privredu\/"]}]},{"@type":"ImageObject","inLanguage":"de","@id":"https:\/\/www.bekament.com\/de\/pravo-je-vreme-da-podrzimo-srpsku-privredu\/#primaryimage","url":"https:\/\/www.bekament.com\/wp-content\/uploads\/2021\/09\/62-bkm-objava-824x431px-naslovna-vesti-1-medium-jpg.jpg","contentUrl":"https:\/\/www.bekament.com\/wp-content\/uploads\/2021\/09\/62-bkm-objava-824x431px-naslovna-vesti-1-medium-jpg.jpg","width":825,"height":432},{"@type":"BreadcrumbList","@id":"https:\/\/www.bekament.com\/de\/pravo-je-vreme-da-podrzimo-srpsku-privredu\/#breadcrumb","itemListElement":[{"@type":"ListItem","position":1,"name":"Home","item":"https:\/\/www.bekament.com\/de\/"},{"@type":"ListItem","position":2,"name":"Jetzt ist die richtige Zeit, um die serbische Wirtschaft zu unterst\u00fctzen!\""}]},{"@type":"WebSite","@id":"https:\/\/www.bekament.com\/de\/#website","url":"https:\/\/www.bekament.com\/de\/","name":"Bekament","description":"","publisher":{"@id":"https:\/\/www.bekament.com\/de\/#organization"},"potentialAction":[{"@type":"SearchAction","target":{"@type":"EntryPoint","urlTemplate":"https:\/\/www.bekament.com\/de\/?s={search_term_string}"},"query-input":{"@type":"PropertyValueSpecification","valueRequired":true,"valueName":"search_term_string"}}],"inLanguage":"de"},{"@type":"Organization","@id":"https:\/\/www.bekament.com\/de\/#organization","name":"Bekament","url":"https:\/\/www.bekament.com\/de\/","logo":{"@type":"ImageObject","inLanguage":"de","@id":"https:\/\/www.bekament.com\/de\/#\/schema\/logo\/image\/","url":"https:\/\/www.bekament.com\/wp-content\/uploads\/2024\/06\/bekament-logo-full.png","contentUrl":"https:\/\/www.bekament.com\/wp-content\/uploads\/2024\/06\/bekament-logo-full.png","width":321,"height":53,"caption":"Bekament"},"image":{"@id":"https:\/\/www.bekament.com\/de\/#\/schema\/logo\/image\/"},"sameAs":["https:\/\/www.facebook.com\/Bekament\/","https:\/\/www.linkedin.com\/company\/bekament\/?originalSubdomain=rs","https:\/\/www.instagram.com\/bekamentsrb","https:\/\/www.youtube.com\/channel\/UC-pSPBUIrN_FO3OwAN200Jw"]},{"@type":"Person","@id":"https:\/\/www.bekament.com\/de\/#\/schema\/person\/7d117e01a27b9a95bc635430b5928bd4","name":"admin","image":{"@type":"ImageObject","inLanguage":"de","@id":"https:\/\/www.bekament.com\/de\/#\/schema\/person\/image\/","url":"https:\/\/www.bekament.com\/wp-content\/litespeed\/avatar\/efdccd4af1c95c7b91d0ecae2aac20d3.jpg?ver=1777209586","contentUrl":"https:\/\/www.bekament.com\/wp-content\/litespeed\/avatar\/efdccd4af1c95c7b91d0ecae2aac20d3.jpg?ver=1777209586","caption":"admin"},"sameAs":["https:\/\/bekament.com"],"url":"https:\/\/www.bekament.com\/de\/author\/bekament\/"}]}},"_links":{"self":[{"href":"https:\/\/www.bekament.com\/de\/wp-json\/wp\/v2\/posts\/10767","targetHints":{"allow":["GET"]}}],"collection":[{"href":"https:\/\/www.bekament.com\/de\/wp-json\/wp\/v2\/posts"}],"about":[{"href":"https:\/\/www.bekament.com\/de\/wp-json\/wp\/v2\/types\/post"}],"author":[{"embeddable":true,"href":"https:\/\/www.bekament.com\/de\/wp-json\/wp\/v2\/users\/1"}],"replies":[{"embeddable":true,"href":"https:\/\/www.bekament.com\/de\/wp-json\/wp\/v2\/comments?post=10767"}],"version-history":[{"count":0,"href":"https:\/\/www.bekament.com\/de\/wp-json\/wp\/v2\/posts\/10767\/revisions"}],"wp:featuredmedia":[{"embeddable":true,"href":"https:\/\/www.bekament.com\/de\/wp-json\/wp\/v2\/media\/10768"}],"wp:attachment":[{"href":"https:\/\/www.bekament.com\/de\/wp-json\/wp\/v2\/media?parent=10767"}],"wp:term":[{"taxonomy":"category","embeddable":true,"href":"https:\/\/www.bekament.com\/de\/wp-json\/wp\/v2\/categories?post=10767"},{"taxonomy":"post_tag","embeddable":true,"href":"https:\/\/www.bekament.com\/de\/wp-json\/wp\/v2\/tags?post=10767"}],"curies":[{"name":"wp","href":"https:\/\/api.w.org\/{rel}","templated":true}]}}