{"id":11558,"date":"2024-01-11T13:30:00","date_gmt":"2024-01-11T12:30:00","guid":{"rendered":"https:\/\/bekament.com\/das-neujahrsinterview-mit-dem-eigentuemer-und-generaldirektor-der-firma-bekament-fuer-das-ton-magazin\/"},"modified":"2024-01-11T13:30:00","modified_gmt":"2024-01-11T12:30:00","slug":"das-neujahrsinterview-mit-dem-eigentuemer-und-generaldirektor-der-firma-bekament-fuer-das-ton-magazin","status":"publish","type":"post","link":"https:\/\/www.bekament.com\/de\/das-neujahrsinterview-mit-dem-eigentuemer-und-generaldirektor-der-firma-bekament-fuer-das-ton-magazin\/","title":{"rendered":"Das Neujahrsinterview mit dem Eigent\u00fcmer und Generaldirektor der Firma Bekament f\u00fcr das Ton Magazin."},"content":{"rendered":"<p>Das laufende Jahr war sowohl f\u00fcr den gesamten Bausektor als auch f\u00fcr die Firma Bekament ziemlich herausfordernd und erforderte einen strategischen Gesch\u00e4ftsansatz sowie die notwendige Agilit\u00e4t, um die Marktposition zu erhalten und Wachstum zu erzielen. Betrachtet man die Verkaufsergebnisse im Jahr 2023, kann ich im Wesentlichen zufrieden sein, da wir uns sowohl finanziell als auch mengenm\u00e4\u00dfig auf dem Niveau des Vorjahres gehalten haben. Der gr\u00f6\u00dfte Einfluss kam von EPS, aufgrund des Preisverfalls auf dem Markt infolge der Rohstoffverbilligung, was trotz des Mengenwachstums zu einem leichten R\u00fcckgang im Finanzsegment f\u00fchrte, der sich auf das gesamte Portfolio \u00fcbertrug und zu einem Umsatz auf Vorjahresniveau f\u00fchrte. Wenn wir jedoch dieses Produkt aus der Analyse ausschlie\u00dfen und den Jahresumsatz in den hochprofitablen Kategorien betrachten, kann ich sagen, dass wir sowohl finanziell als auch mengenm\u00e4\u00dfig gewachsen sind und dieses Jahr erfolgreich abschlie\u00dfen. F\u00fcr das n\u00e4chste Jahr haben wir ehrgeizige Ziele gesetzt, die wir zu erreichen planen, und damit auch vielversprechende Ergebnisse erzielen werden. Die strategische Ausrichtung von Bekament ist es, noch mutiger auf die M\u00e4rkte der Europ\u00e4ischen Union zu treten und in naher Zukunft eine F\u00fchrungsposition in S\u00fcdosteuropa zu \u00fcbernehmen. Ein zweistelliges Umsatzwachstum ist geplant, das durch die Entwicklung neuer Produktkategorien, die Erschlie\u00dfung neuer M\u00e4rkte und die Hinwendung zu neuen Vertriebskan\u00e4len unterst\u00fctzt wird. Nat\u00fcrlich sind all diese Neuerungen noch Gesch\u00e4ftsgeheimnisse, und wir werden in der kommenden Zeit mehr zu diesen Themen sagen k\u00f6nnen. Ich m\u00f6chte au\u00dferdem erw\u00e4hnen, dass das Bekament Loyalty-Programm, das 2023 gestartet wurde, auch im kommenden Jahr eines der Schl\u00fcsselwerkzeuge sein wird, das zum Vertrauen und zur Zufriedenheit unserer Gesch\u00e4ftspartner und Auftragnehmer beitr\u00e4gt. Herausforderungen treiben Ver\u00e4nderungen voran, die, wenn wir sie zu unserem Vorteil nutzen, weiteres Wachstum und die Entwicklung der Firma Bekament erm\u00f6glichen. Makro\u00f6konomische Trends werden sicherlich einer der Einflussfaktoren auf das gesamte Gesch\u00e4ft sein, aber rechtzeitige Reaktionen und kontinuierliche Investitionen in Produktionskapazit\u00e4ten, Sortiment sowie in Menschen sind Voraussetzungen daf\u00fcr, dass wir uns an die Ver\u00e4nderungen anpassen und die wachsenden Marktbed\u00fcrfnisse befriedigen, um das angestrebte finanzielle Ergebnis zu erreichen. Quelle: <a href=\"https:\/\/roma.rs\/media\/wysiwyg\/ton-dec-2023.pdf\" target=\"_blank\" rel=\"noopener\">Ton Magazin<\/a>            <\/p>\n","protected":false},"excerpt":{"rendered":"<p>Lesen Sie das Interview, das Dejan \u010colovi\u0107, Eigent\u00fcmer und Generaldirektor der Firma Bekament, dem Ton Magazin, einer Fachzeitschrift f\u00fcr Farben und Lacke, gegeben hat.<\/p>\n","protected":false},"author":1,"featured_media":11561,"comment_status":"open","ping_status":"open","sticky":false,"template":"","format":"standard","meta":{"_acf_changed":false,"inline_featured_image":false,"footnotes":""},"categories":[145],"tags":[],"class_list":["post-11558","post","type-post","status-publish","format-standard","has-post-thumbnail","hentry","category-vesti-de"],"acf":[],"yoast_head":"<!-- This site is optimized with the Yoast SEO plugin v27.1.1 - https:\/\/yoast.com\/product\/yoast-seo-wordpress\/ -->\n<title>Das Neujahrsinterview mit dem Eigent\u00fcmer und Generaldirektor der Firma Bekament f\u00fcr das Ton Magazin. - Bekament<\/title>\n<meta name=\"robots\" content=\"index, follow, max-snippet:-1, max-image-preview:large, max-video-preview:-1\" \/>\n<link rel=\"canonical\" href=\"https:\/\/www.bekament.com\/de\/das-neujahrsinterview-mit-dem-eigentuemer-und-generaldirektor-der-firma-bekament-fuer-das-ton-magazin\/\" \/>\n<meta property=\"og:locale\" content=\"de_DE\" \/>\n<meta property=\"og:type\" content=\"article\" \/>\n<meta property=\"og:title\" content=\"Das Neujahrsinterview mit dem Eigent\u00fcmer und Generaldirektor der Firma Bekament f\u00fcr das Ton Magazin. - Bekament\" \/>\n<meta property=\"og:description\" content=\"Lesen Sie das Interview, das Dejan \u010colovi\u0107, Eigent\u00fcmer und Generaldirektor der Firma Bekament, dem Ton Magazin, einer Fachzeitschrift f\u00fcr Farben und Lacke, gegeben hat.\" \/>\n<meta property=\"og:url\" content=\"https:\/\/www.bekament.com\/de\/das-neujahrsinterview-mit-dem-eigentuemer-und-generaldirektor-der-firma-bekament-fuer-das-ton-magazin\/\" \/>\n<meta property=\"og:site_name\" content=\"Bekament\" \/>\n<meta property=\"article:publisher\" content=\"https:\/\/www.facebook.com\/Bekament\/\" \/>\n<meta property=\"article:published_time\" content=\"2024-01-11T12:30:00+00:00\" \/>\n<meta property=\"og:image\" content=\"https:\/\/www.bekament.com\/wp-content\/uploads\/2024\/01\/1374-bekament-naslovna-2-medium-jpg-1.jpg\" \/>\n\t<meta property=\"og:image:width\" content=\"825\" \/>\n\t<meta property=\"og:image:height\" content=\"432\" \/>\n\t<meta property=\"og:image:type\" content=\"image\/jpeg\" \/>\n<meta name=\"author\" content=\"admin\" \/>\n<meta name=\"twitter:card\" content=\"summary_large_image\" \/>\n<meta name=\"twitter:label1\" content=\"Verfasst von\" \/>\n\t<meta name=\"twitter:data1\" content=\"admin\" \/>\n\t<meta name=\"twitter:label2\" content=\"Gesch\u00e4tzte Lesezeit\" \/>\n\t<meta name=\"twitter:data2\" content=\"2\u00a0Minuten\" \/>\n<script type=\"application\/ld+json\" class=\"yoast-schema-graph\">{\"@context\":\"https:\/\/schema.org\",\"@graph\":[{\"@type\":\"Article\",\"@id\":\"https:\/\/www.bekament.com\/de\/das-neujahrsinterview-mit-dem-eigentuemer-und-generaldirektor-der-firma-bekament-fuer-das-ton-magazin\/#article\",\"isPartOf\":{\"@id\":\"https:\/\/www.bekament.com\/de\/das-neujahrsinterview-mit-dem-eigentuemer-und-generaldirektor-der-firma-bekament-fuer-das-ton-magazin\/\"},\"author\":{\"name\":\"admin\",\"@id\":\"https:\/\/www.bekament.com\/de\/#\/schema\/person\/7d117e01a27b9a95bc635430b5928bd4\"},\"headline\":\"Das Neujahrsinterview mit dem Eigent\u00fcmer und Generaldirektor der Firma Bekament f\u00fcr das Ton Magazin.\",\"datePublished\":\"2024-01-11T12:30:00+00:00\",\"mainEntityOfPage\":{\"@id\":\"https:\/\/www.bekament.com\/de\/das-neujahrsinterview-mit-dem-eigentuemer-und-generaldirektor-der-firma-bekament-fuer-das-ton-magazin\/\"},\"wordCount\":383,\"commentCount\":0,\"publisher\":{\"@id\":\"https:\/\/www.bekament.com\/de\/#organization\"},\"image\":{\"@id\":\"https:\/\/www.bekament.com\/de\/das-neujahrsinterview-mit-dem-eigentuemer-und-generaldirektor-der-firma-bekament-fuer-das-ton-magazin\/#primaryimage\"},\"thumbnailUrl\":\"https:\/\/www.bekament.com\/wp-content\/uploads\/2024\/01\/1374-bekament-naslovna-2-medium-jpg-1.jpg\",\"articleSection\":[\"Vesti\"],\"inLanguage\":\"de\",\"potentialAction\":[{\"@type\":\"CommentAction\",\"name\":\"Comment\",\"target\":[\"https:\/\/www.bekament.com\/de\/das-neujahrsinterview-mit-dem-eigentuemer-und-generaldirektor-der-firma-bekament-fuer-das-ton-magazin\/#respond\"]}]},{\"@type\":\"WebPage\",\"@id\":\"https:\/\/www.bekament.com\/de\/das-neujahrsinterview-mit-dem-eigentuemer-und-generaldirektor-der-firma-bekament-fuer-das-ton-magazin\/\",\"url\":\"https:\/\/www.bekament.com\/de\/das-neujahrsinterview-mit-dem-eigentuemer-und-generaldirektor-der-firma-bekament-fuer-das-ton-magazin\/\",\"name\":\"Das Neujahrsinterview mit dem Eigent\u00fcmer und Generaldirektor der Firma Bekament f\u00fcr das Ton Magazin. - Bekament\",\"isPartOf\":{\"@id\":\"https:\/\/www.bekament.com\/de\/#website\"},\"primaryImageOfPage\":{\"@id\":\"https:\/\/www.bekament.com\/de\/das-neujahrsinterview-mit-dem-eigentuemer-und-generaldirektor-der-firma-bekament-fuer-das-ton-magazin\/#primaryimage\"},\"image\":{\"@id\":\"https:\/\/www.bekament.com\/de\/das-neujahrsinterview-mit-dem-eigentuemer-und-generaldirektor-der-firma-bekament-fuer-das-ton-magazin\/#primaryimage\"},\"thumbnailUrl\":\"https:\/\/www.bekament.com\/wp-content\/uploads\/2024\/01\/1374-bekament-naslovna-2-medium-jpg-1.jpg\",\"datePublished\":\"2024-01-11T12:30:00+00:00\",\"breadcrumb\":{\"@id\":\"https:\/\/www.bekament.com\/de\/das-neujahrsinterview-mit-dem-eigentuemer-und-generaldirektor-der-firma-bekament-fuer-das-ton-magazin\/#breadcrumb\"},\"inLanguage\":\"de\",\"potentialAction\":[{\"@type\":\"ReadAction\",\"target\":[\"https:\/\/www.bekament.com\/de\/das-neujahrsinterview-mit-dem-eigentuemer-und-generaldirektor-der-firma-bekament-fuer-das-ton-magazin\/\"]}]},{\"@type\":\"ImageObject\",\"inLanguage\":\"de\",\"@id\":\"https:\/\/www.bekament.com\/de\/das-neujahrsinterview-mit-dem-eigentuemer-und-generaldirektor-der-firma-bekament-fuer-das-ton-magazin\/#primaryimage\",\"url\":\"https:\/\/www.bekament.com\/wp-content\/uploads\/2024\/01\/1374-bekament-naslovna-2-medium-jpg-1.jpg\",\"contentUrl\":\"https:\/\/www.bekament.com\/wp-content\/uploads\/2024\/01\/1374-bekament-naslovna-2-medium-jpg-1.jpg\",\"width\":825,\"height\":432},{\"@type\":\"BreadcrumbList\",\"@id\":\"https:\/\/www.bekament.com\/de\/das-neujahrsinterview-mit-dem-eigentuemer-und-generaldirektor-der-firma-bekament-fuer-das-ton-magazin\/#breadcrumb\",\"itemListElement\":[{\"@type\":\"ListItem\",\"position\":1,\"name\":\"Home\",\"item\":\"https:\/\/www.bekament.com\/de\/\"},{\"@type\":\"ListItem\",\"position\":2,\"name\":\"Das Neujahrsinterview mit dem Eigent\u00fcmer und Generaldirektor der Firma Bekament f\u00fcr das Ton Magazin.\"}]},{\"@type\":\"WebSite\",\"@id\":\"https:\/\/www.bekament.com\/de\/#website\",\"url\":\"https:\/\/www.bekament.com\/de\/\",\"name\":\"Bekament\",\"description\":\"\",\"publisher\":{\"@id\":\"https:\/\/www.bekament.com\/de\/#organization\"},\"potentialAction\":[{\"@type\":\"SearchAction\",\"target\":{\"@type\":\"EntryPoint\",\"urlTemplate\":\"https:\/\/www.bekament.com\/de\/?s={search_term_string}\"},\"query-input\":{\"@type\":\"PropertyValueSpecification\",\"valueRequired\":true,\"valueName\":\"search_term_string\"}}],\"inLanguage\":\"de\"},{\"@type\":\"Organization\",\"@id\":\"https:\/\/www.bekament.com\/de\/#organization\",\"name\":\"Bekament\",\"url\":\"https:\/\/www.bekament.com\/de\/\",\"logo\":{\"@type\":\"ImageObject\",\"inLanguage\":\"de\",\"@id\":\"https:\/\/www.bekament.com\/de\/#\/schema\/logo\/image\/\",\"url\":\"https:\/\/www.bekament.com\/wp-content\/uploads\/2024\/06\/bekament-logo-full.png\",\"contentUrl\":\"https:\/\/www.bekament.com\/wp-content\/uploads\/2024\/06\/bekament-logo-full.png\",\"width\":321,\"height\":53,\"caption\":\"Bekament\"},\"image\":{\"@id\":\"https:\/\/www.bekament.com\/de\/#\/schema\/logo\/image\/\"},\"sameAs\":[\"https:\/\/www.facebook.com\/Bekament\/\",\"https:\/\/www.linkedin.com\/company\/bekament\/?originalSubdomain=rs\",\"https:\/\/www.instagram.com\/bekamentsrb\",\"https:\/\/www.youtube.com\/channel\/UC-pSPBUIrN_FO3OwAN200Jw\"]},{\"@type\":\"Person\",\"@id\":\"https:\/\/www.bekament.com\/de\/#\/schema\/person\/7d117e01a27b9a95bc635430b5928bd4\",\"name\":\"admin\",\"image\":{\"@type\":\"ImageObject\",\"inLanguage\":\"de\",\"@id\":\"https:\/\/www.bekament.com\/de\/#\/schema\/person\/image\/\",\"url\":\"https:\/\/www.bekament.com\/wp-content\/litespeed\/avatar\/efdccd4af1c95c7b91d0ecae2aac20d3.jpg?ver=1777209586\",\"contentUrl\":\"https:\/\/www.bekament.com\/wp-content\/litespeed\/avatar\/efdccd4af1c95c7b91d0ecae2aac20d3.jpg?ver=1777209586\",\"caption\":\"admin\"},\"sameAs\":[\"https:\/\/bekament.com\"],\"url\":\"https:\/\/www.bekament.com\/de\/author\/bekament\/\"}]}<\/script>\n<!-- \/ Yoast SEO plugin. -->","yoast_head_json":{"title":"Das Neujahrsinterview mit dem Eigent\u00fcmer und Generaldirektor der Firma Bekament f\u00fcr das Ton Magazin. - Bekament","robots":{"index":"index","follow":"follow","max-snippet":"max-snippet:-1","max-image-preview":"max-image-preview:large","max-video-preview":"max-video-preview:-1"},"canonical":"https:\/\/www.bekament.com\/de\/das-neujahrsinterview-mit-dem-eigentuemer-und-generaldirektor-der-firma-bekament-fuer-das-ton-magazin\/","og_locale":"de_DE","og_type":"article","og_title":"Das Neujahrsinterview mit dem Eigent\u00fcmer und Generaldirektor der Firma Bekament f\u00fcr das Ton Magazin. - Bekament","og_description":"Lesen Sie das Interview, das Dejan \u010colovi\u0107, Eigent\u00fcmer und Generaldirektor der Firma Bekament, dem Ton Magazin, einer Fachzeitschrift f\u00fcr Farben und Lacke, gegeben hat.","og_url":"https:\/\/www.bekament.com\/de\/das-neujahrsinterview-mit-dem-eigentuemer-und-generaldirektor-der-firma-bekament-fuer-das-ton-magazin\/","og_site_name":"Bekament","article_publisher":"https:\/\/www.facebook.com\/Bekament\/","article_published_time":"2024-01-11T12:30:00+00:00","og_image":[{"width":825,"height":432,"url":"https:\/\/www.bekament.com\/wp-content\/uploads\/2024\/01\/1374-bekament-naslovna-2-medium-jpg-1.jpg","type":"image\/jpeg"}],"author":"admin","twitter_card":"summary_large_image","twitter_misc":{"Verfasst von":"admin","Gesch\u00e4tzte Lesezeit":"2\u00a0Minuten"},"schema":{"@context":"https:\/\/schema.org","@graph":[{"@type":"Article","@id":"https:\/\/www.bekament.com\/de\/das-neujahrsinterview-mit-dem-eigentuemer-und-generaldirektor-der-firma-bekament-fuer-das-ton-magazin\/#article","isPartOf":{"@id":"https:\/\/www.bekament.com\/de\/das-neujahrsinterview-mit-dem-eigentuemer-und-generaldirektor-der-firma-bekament-fuer-das-ton-magazin\/"},"author":{"name":"admin","@id":"https:\/\/www.bekament.com\/de\/#\/schema\/person\/7d117e01a27b9a95bc635430b5928bd4"},"headline":"Das Neujahrsinterview mit dem Eigent\u00fcmer und Generaldirektor der Firma Bekament f\u00fcr das Ton Magazin.","datePublished":"2024-01-11T12:30:00+00:00","mainEntityOfPage":{"@id":"https:\/\/www.bekament.com\/de\/das-neujahrsinterview-mit-dem-eigentuemer-und-generaldirektor-der-firma-bekament-fuer-das-ton-magazin\/"},"wordCount":383,"commentCount":0,"publisher":{"@id":"https:\/\/www.bekament.com\/de\/#organization"},"image":{"@id":"https:\/\/www.bekament.com\/de\/das-neujahrsinterview-mit-dem-eigentuemer-und-generaldirektor-der-firma-bekament-fuer-das-ton-magazin\/#primaryimage"},"thumbnailUrl":"https:\/\/www.bekament.com\/wp-content\/uploads\/2024\/01\/1374-bekament-naslovna-2-medium-jpg-1.jpg","articleSection":["Vesti"],"inLanguage":"de","potentialAction":[{"@type":"CommentAction","name":"Comment","target":["https:\/\/www.bekament.com\/de\/das-neujahrsinterview-mit-dem-eigentuemer-und-generaldirektor-der-firma-bekament-fuer-das-ton-magazin\/#respond"]}]},{"@type":"WebPage","@id":"https:\/\/www.bekament.com\/de\/das-neujahrsinterview-mit-dem-eigentuemer-und-generaldirektor-der-firma-bekament-fuer-das-ton-magazin\/","url":"https:\/\/www.bekament.com\/de\/das-neujahrsinterview-mit-dem-eigentuemer-und-generaldirektor-der-firma-bekament-fuer-das-ton-magazin\/","name":"Das Neujahrsinterview mit dem Eigent\u00fcmer und Generaldirektor der Firma Bekament f\u00fcr das Ton Magazin. - Bekament","isPartOf":{"@id":"https:\/\/www.bekament.com\/de\/#website"},"primaryImageOfPage":{"@id":"https:\/\/www.bekament.com\/de\/das-neujahrsinterview-mit-dem-eigentuemer-und-generaldirektor-der-firma-bekament-fuer-das-ton-magazin\/#primaryimage"},"image":{"@id":"https:\/\/www.bekament.com\/de\/das-neujahrsinterview-mit-dem-eigentuemer-und-generaldirektor-der-firma-bekament-fuer-das-ton-magazin\/#primaryimage"},"thumbnailUrl":"https:\/\/www.bekament.com\/wp-content\/uploads\/2024\/01\/1374-bekament-naslovna-2-medium-jpg-1.jpg","datePublished":"2024-01-11T12:30:00+00:00","breadcrumb":{"@id":"https:\/\/www.bekament.com\/de\/das-neujahrsinterview-mit-dem-eigentuemer-und-generaldirektor-der-firma-bekament-fuer-das-ton-magazin\/#breadcrumb"},"inLanguage":"de","potentialAction":[{"@type":"ReadAction","target":["https:\/\/www.bekament.com\/de\/das-neujahrsinterview-mit-dem-eigentuemer-und-generaldirektor-der-firma-bekament-fuer-das-ton-magazin\/"]}]},{"@type":"ImageObject","inLanguage":"de","@id":"https:\/\/www.bekament.com\/de\/das-neujahrsinterview-mit-dem-eigentuemer-und-generaldirektor-der-firma-bekament-fuer-das-ton-magazin\/#primaryimage","url":"https:\/\/www.bekament.com\/wp-content\/uploads\/2024\/01\/1374-bekament-naslovna-2-medium-jpg-1.jpg","contentUrl":"https:\/\/www.bekament.com\/wp-content\/uploads\/2024\/01\/1374-bekament-naslovna-2-medium-jpg-1.jpg","width":825,"height":432},{"@type":"BreadcrumbList","@id":"https:\/\/www.bekament.com\/de\/das-neujahrsinterview-mit-dem-eigentuemer-und-generaldirektor-der-firma-bekament-fuer-das-ton-magazin\/#breadcrumb","itemListElement":[{"@type":"ListItem","position":1,"name":"Home","item":"https:\/\/www.bekament.com\/de\/"},{"@type":"ListItem","position":2,"name":"Das Neujahrsinterview mit dem Eigent\u00fcmer und Generaldirektor der Firma Bekament f\u00fcr das Ton Magazin."}]},{"@type":"WebSite","@id":"https:\/\/www.bekament.com\/de\/#website","url":"https:\/\/www.bekament.com\/de\/","name":"Bekament","description":"","publisher":{"@id":"https:\/\/www.bekament.com\/de\/#organization"},"potentialAction":[{"@type":"SearchAction","target":{"@type":"EntryPoint","urlTemplate":"https:\/\/www.bekament.com\/de\/?s={search_term_string}"},"query-input":{"@type":"PropertyValueSpecification","valueRequired":true,"valueName":"search_term_string"}}],"inLanguage":"de"},{"@type":"Organization","@id":"https:\/\/www.bekament.com\/de\/#organization","name":"Bekament","url":"https:\/\/www.bekament.com\/de\/","logo":{"@type":"ImageObject","inLanguage":"de","@id":"https:\/\/www.bekament.com\/de\/#\/schema\/logo\/image\/","url":"https:\/\/www.bekament.com\/wp-content\/uploads\/2024\/06\/bekament-logo-full.png","contentUrl":"https:\/\/www.bekament.com\/wp-content\/uploads\/2024\/06\/bekament-logo-full.png","width":321,"height":53,"caption":"Bekament"},"image":{"@id":"https:\/\/www.bekament.com\/de\/#\/schema\/logo\/image\/"},"sameAs":["https:\/\/www.facebook.com\/Bekament\/","https:\/\/www.linkedin.com\/company\/bekament\/?originalSubdomain=rs","https:\/\/www.instagram.com\/bekamentsrb","https:\/\/www.youtube.com\/channel\/UC-pSPBUIrN_FO3OwAN200Jw"]},{"@type":"Person","@id":"https:\/\/www.bekament.com\/de\/#\/schema\/person\/7d117e01a27b9a95bc635430b5928bd4","name":"admin","image":{"@type":"ImageObject","inLanguage":"de","@id":"https:\/\/www.bekament.com\/de\/#\/schema\/person\/image\/","url":"https:\/\/www.bekament.com\/wp-content\/litespeed\/avatar\/efdccd4af1c95c7b91d0ecae2aac20d3.jpg?ver=1777209586","contentUrl":"https:\/\/www.bekament.com\/wp-content\/litespeed\/avatar\/efdccd4af1c95c7b91d0ecae2aac20d3.jpg?ver=1777209586","caption":"admin"},"sameAs":["https:\/\/bekament.com"],"url":"https:\/\/www.bekament.com\/de\/author\/bekament\/"}]}},"_links":{"self":[{"href":"https:\/\/www.bekament.com\/de\/wp-json\/wp\/v2\/posts\/11558","targetHints":{"allow":["GET"]}}],"collection":[{"href":"https:\/\/www.bekament.com\/de\/wp-json\/wp\/v2\/posts"}],"about":[{"href":"https:\/\/www.bekament.com\/de\/wp-json\/wp\/v2\/types\/post"}],"author":[{"embeddable":true,"href":"https:\/\/www.bekament.com\/de\/wp-json\/wp\/v2\/users\/1"}],"replies":[{"embeddable":true,"href":"https:\/\/www.bekament.com\/de\/wp-json\/wp\/v2\/comments?post=11558"}],"version-history":[{"count":0,"href":"https:\/\/www.bekament.com\/de\/wp-json\/wp\/v2\/posts\/11558\/revisions"}],"wp:featuredmedia":[{"embeddable":true,"href":"https:\/\/www.bekament.com\/de\/wp-json\/wp\/v2\/media\/11561"}],"wp:attachment":[{"href":"https:\/\/www.bekament.com\/de\/wp-json\/wp\/v2\/media?parent=11558"}],"wp:term":[{"taxonomy":"category","embeddable":true,"href":"https:\/\/www.bekament.com\/de\/wp-json\/wp\/v2\/categories?post=11558"},{"taxonomy":"post_tag","embeddable":true,"href":"https:\/\/www.bekament.com\/de\/wp-json\/wp\/v2\/tags?post=11558"}],"curies":[{"name":"wp","href":"https:\/\/api.w.org\/{rel}","templated":true}]}}