{"id":17408,"date":"2023-01-17T12:14:00","date_gmt":"2023-01-17T11:14:00","guid":{"rendered":"https:\/\/bekament.com\/interview-mit-dem-direktor-fuer-inlands-und-auslandsverkauf-von-bekament-fuer-ton-magazin\/"},"modified":"2023-01-17T12:14:00","modified_gmt":"2023-01-17T11:14:00","slug":"interview-mit-dem-direktor-fuer-inlands-und-auslandsverkauf-von-bekament-fuer-ton-magazin","status":"publish","type":"post","link":"https:\/\/www.bekament.com\/de\/interview-mit-dem-direktor-fuer-inlands-und-auslandsverkauf-von-bekament-fuer-ton-magazin\/","title":{"rendered":"Interview mit dem Direktor f\u00fcr Inlands- und Auslandsverkauf von Bekament f\u00fcr Ton-Magazin"},"content":{"rendered":"<p><strong>BOJAN \u0160VONJA<\/strong><\/p>\n<p><em>Direktor f\u00fcr Inlands- und Auslandsverkauf<\/em><\/p>\n<p><strong>1. Wie hoch ist der finanzielle Umsatz Ihres Unternehmens in diesem Jahr, ausgedr\u00fcckt in Prozent, im Vergleich zum Vorjahr f\u00fcr das Gebiet Serbien in Dinar, und wie verh\u00e4lt sich dies mengenm\u00e4\u00dfig im Vergleich zum Vorjahr, ebenfalls f\u00fcr das Gebiet Serbien?<\/strong><\/p>\n<p>Hinter uns liegt ein ziemlich herausforderndes Jahr, in dem die Ereignisse in der Weltwirtschaft auch den Bausektor erheblich beeinflusst haben und eine schnelle Reaktion sowie eine Anpassung unserer Gesch\u00e4ftst\u00e4tigkeit an die neue Situation erforderten. Ziel war es, die negativen Auswirkungen dieses Trends maximal abzufedern, unsere Partner zu sch\u00fctzen und ihnen weiterhin eine verl\u00e4ssliche St\u00fctze zu sein. Infolgedessen haben wir unsere Kundenbasis erweitert und die Zusammenarbeit mit bestehenden Partnern ausgebaut. Abschlie\u00dfend kann ich f\u00fcr das Jahr 2022 sagen, dass Bekament nicht nur ein finanzielles Wachstum von 25% verzeichnet hat, das teilweise durch die Anpassung der Preisliste an die Inflation beeinflusst wurde, sondern auch ein reales Mengenwachstum. Es ist wichtig hervorzuheben, dass wir besonders stolz auf die hervorragenden Ergebnisse in den Kategorien sind, die im vergangenen Jahr im Fokus standen.<\/p>\n<p><strong>2. Welche Pl\u00e4ne hat Ihr Unternehmen in Bezug auf Warenmengen und finanziellen Umsatz f\u00fcr das n\u00e4chste Jahr?<\/strong><\/p>\n<p>Die Er\u00f6ffnung einer Fabrik f\u00fcr die Produktion von Styrodur und die Erweiterung der bestehenden Fabrik f\u00fcr Fl\u00fcssigprodukte mit zwei neuen Produktionslinien stellen bedeutende Investitionen dar, die das Jubil\u00e4umsjahr 2022 pr\u00e4gten, in dem Bekament zudem 30 Jahre erfolgreichen Gesch\u00e4fts feierte. Um dies zu erreichen, liegt ein Schwerpunkt darauf, unser Bekament-Team weiter zu st\u00e4rken, in erster Linie durch die Weiterentwicklung des bestehenden Personals und dann durch die Erweiterung durch Neueinstellungen. Wir sind uns bewusst, dass dies ein langwieriger Prozess ist, den wir bereits begonnen haben, mit dem Ziel, ein stimulierendes Arbeitsumfeld zu schaffen, in dem sich jeder Mitarbeiter als Teil eines Systems f\u00fchlt, das sich um ihn k\u00fcmmert. <\/p>\n<p><strong>3. Was sind Ihrer Meinung nach die gr\u00f6\u00dften Herausforderungen f\u00fcr das Gesch\u00e4ftsjahr 2023 und welchen Rat w\u00fcrden Sie den Lesern von Ton in dieser Hinsicht geben? <\/strong><\/p>\n<p>Es ist offensichtlich, dass unsere Gesellschaft reifer wird und das Humankapital immer gefragter ist. Trotz der Modernisierung von Verfahren und der Automatisierung von Prozessen bleiben qualifizierte Mitarbeiter das bedeutendste Glied in der Gesch\u00e4ftssph\u00e4re, dem kontinuierlich besondere Aufmerksamkeit geschenkt werden muss. Au\u00dferdem erwarte ich, dass die Stabilisierung der M\u00e4rkte f\u00fcr Rohstoffe, Energietr\u00e4ger und andere abh\u00e4ngige Faktoren im n\u00e4chsten Jahr ein unvermeidliches Thema sein wird, damit wir unsere Gesch\u00e4ftst\u00e4tigkeit sicherer planen k\u00f6nnen. Quelle: <a href=\"https:\/\/roma.rs\/media\/pdf\/ton-106-web.pdf\" target=\"_blank\" rel=\"noopener\">Ton Magazin<\/a> <\/p>\n","protected":false},"excerpt":{"rendered":"<p>Es ist offensichtlich, dass unsere Gesellschaft reifer wird und das Humankapital immer gefragter ist. Trotz der Modernisierung von Verfahren und der Automatisierung von Prozessen bleiben qualifizierte Mitarbeiter das bedeutendste Glied in der Gesch\u00e4ftssph\u00e4re, dem kontinuierlich besondere Aufmerksamkeit geschenkt werden muss. <\/p>\n","protected":false},"author":1,"featured_media":17409,"comment_status":"open","ping_status":"open","sticky":false,"template":"","format":"standard","meta":{"_acf_changed":false,"inline_featured_image":false,"footnotes":""},"categories":[145],"tags":[],"class_list":["post-17408","post","type-post","status-publish","format-standard","has-post-thumbnail","hentry","category-vesti-de"],"acf":[],"yoast_head":"<!-- This site is optimized with the Yoast SEO plugin v27.1.1 - https:\/\/yoast.com\/product\/yoast-seo-wordpress\/ -->\n<title>Interview mit dem Direktor f\u00fcr Inlands- und Auslandsverkauf von Bekament f\u00fcr Ton-Magazin - Bekament<\/title>\n<meta name=\"robots\" content=\"index, follow, max-snippet:-1, max-image-preview:large, max-video-preview:-1\" \/>\n<link rel=\"canonical\" href=\"https:\/\/www.bekament.com\/de\/interview-mit-dem-direktor-fuer-inlands-und-auslandsverkauf-von-bekament-fuer-ton-magazin\/\" \/>\n<meta property=\"og:locale\" content=\"de_DE\" \/>\n<meta property=\"og:type\" content=\"article\" \/>\n<meta property=\"og:title\" content=\"Interview mit dem Direktor f\u00fcr Inlands- und Auslandsverkauf von Bekament f\u00fcr Ton-Magazin - Bekament\" \/>\n<meta property=\"og:description\" content=\"Es ist offensichtlich, dass unsere Gesellschaft reifer wird und das Humankapital immer gefragter ist. Trotz der Modernisierung von Verfahren und der Automatisierung von Prozessen bleiben qualifizierte Mitarbeiter das bedeutendste Glied in der Gesch\u00e4ftssph\u00e4re, dem kontinuierlich besondere Aufmerksamkeit geschenkt werden muss.\" \/>\n<meta property=\"og:url\" content=\"https:\/\/www.bekament.com\/de\/interview-mit-dem-direktor-fuer-inlands-und-auslandsverkauf-von-bekament-fuer-ton-magazin\/\" \/>\n<meta property=\"og:site_name\" content=\"Bekament\" \/>\n<meta property=\"article:publisher\" content=\"https:\/\/www.facebook.com\/Bekament\/\" \/>\n<meta property=\"article:published_time\" content=\"2023-01-17T11:14:00+00:00\" \/>\n<meta property=\"og:image\" content=\"https:\/\/www.bekament.com\/wp-content\/uploads\/2023\/01\/1349-bojan-svonja-direktor-medium-jpg.jpg\" \/>\n\t<meta property=\"og:image:width\" content=\"825\" \/>\n\t<meta property=\"og:image:height\" content=\"432\" \/>\n\t<meta property=\"og:image:type\" content=\"image\/jpeg\" \/>\n<meta name=\"author\" content=\"admin\" \/>\n<meta name=\"twitter:card\" content=\"summary_large_image\" \/>\n<meta name=\"twitter:label1\" content=\"Verfasst von\" \/>\n\t<meta name=\"twitter:data1\" content=\"admin\" \/>\n\t<meta name=\"twitter:label2\" content=\"Gesch\u00e4tzte Lesezeit\" \/>\n\t<meta name=\"twitter:data2\" content=\"2\u00a0Minuten\" \/>\n<script type=\"application\/ld+json\" class=\"yoast-schema-graph\">{\"@context\":\"https:\/\/schema.org\",\"@graph\":[{\"@type\":\"Article\",\"@id\":\"https:\/\/www.bekament.com\/de\/interview-mit-dem-direktor-fuer-inlands-und-auslandsverkauf-von-bekament-fuer-ton-magazin\/#article\",\"isPartOf\":{\"@id\":\"https:\/\/www.bekament.com\/de\/interview-mit-dem-direktor-fuer-inlands-und-auslandsverkauf-von-bekament-fuer-ton-magazin\/\"},\"author\":{\"name\":\"admin\",\"@id\":\"https:\/\/www.bekament.com\/de\/#\/schema\/person\/7d117e01a27b9a95bc635430b5928bd4\"},\"headline\":\"Interview mit dem Direktor f\u00fcr Inlands- und Auslandsverkauf von Bekament f\u00fcr Ton-Magazin\",\"datePublished\":\"2023-01-17T11:14:00+00:00\",\"mainEntityOfPage\":{\"@id\":\"https:\/\/www.bekament.com\/de\/interview-mit-dem-direktor-fuer-inlands-und-auslandsverkauf-von-bekament-fuer-ton-magazin\/\"},\"wordCount\":444,\"commentCount\":0,\"publisher\":{\"@id\":\"https:\/\/www.bekament.com\/de\/#organization\"},\"image\":{\"@id\":\"https:\/\/www.bekament.com\/de\/interview-mit-dem-direktor-fuer-inlands-und-auslandsverkauf-von-bekament-fuer-ton-magazin\/#primaryimage\"},\"thumbnailUrl\":\"https:\/\/www.bekament.com\/wp-content\/uploads\/2023\/01\/1349-bojan-svonja-direktor-medium-jpg.jpg\",\"articleSection\":[\"Vesti\"],\"inLanguage\":\"de\",\"potentialAction\":[{\"@type\":\"CommentAction\",\"name\":\"Comment\",\"target\":[\"https:\/\/www.bekament.com\/de\/interview-mit-dem-direktor-fuer-inlands-und-auslandsverkauf-von-bekament-fuer-ton-magazin\/#respond\"]}]},{\"@type\":\"WebPage\",\"@id\":\"https:\/\/www.bekament.com\/de\/interview-mit-dem-direktor-fuer-inlands-und-auslandsverkauf-von-bekament-fuer-ton-magazin\/\",\"url\":\"https:\/\/www.bekament.com\/de\/interview-mit-dem-direktor-fuer-inlands-und-auslandsverkauf-von-bekament-fuer-ton-magazin\/\",\"name\":\"Interview mit dem Direktor f\u00fcr Inlands- und Auslandsverkauf von Bekament f\u00fcr Ton-Magazin - Bekament\",\"isPartOf\":{\"@id\":\"https:\/\/www.bekament.com\/de\/#website\"},\"primaryImageOfPage\":{\"@id\":\"https:\/\/www.bekament.com\/de\/interview-mit-dem-direktor-fuer-inlands-und-auslandsverkauf-von-bekament-fuer-ton-magazin\/#primaryimage\"},\"image\":{\"@id\":\"https:\/\/www.bekament.com\/de\/interview-mit-dem-direktor-fuer-inlands-und-auslandsverkauf-von-bekament-fuer-ton-magazin\/#primaryimage\"},\"thumbnailUrl\":\"https:\/\/www.bekament.com\/wp-content\/uploads\/2023\/01\/1349-bojan-svonja-direktor-medium-jpg.jpg\",\"datePublished\":\"2023-01-17T11:14:00+00:00\",\"breadcrumb\":{\"@id\":\"https:\/\/www.bekament.com\/de\/interview-mit-dem-direktor-fuer-inlands-und-auslandsverkauf-von-bekament-fuer-ton-magazin\/#breadcrumb\"},\"inLanguage\":\"de\",\"potentialAction\":[{\"@type\":\"ReadAction\",\"target\":[\"https:\/\/www.bekament.com\/de\/interview-mit-dem-direktor-fuer-inlands-und-auslandsverkauf-von-bekament-fuer-ton-magazin\/\"]}]},{\"@type\":\"ImageObject\",\"inLanguage\":\"de\",\"@id\":\"https:\/\/www.bekament.com\/de\/interview-mit-dem-direktor-fuer-inlands-und-auslandsverkauf-von-bekament-fuer-ton-magazin\/#primaryimage\",\"url\":\"https:\/\/www.bekament.com\/wp-content\/uploads\/2023\/01\/1349-bojan-svonja-direktor-medium-jpg.jpg\",\"contentUrl\":\"https:\/\/www.bekament.com\/wp-content\/uploads\/2023\/01\/1349-bojan-svonja-direktor-medium-jpg.jpg\",\"width\":825,\"height\":432},{\"@type\":\"BreadcrumbList\",\"@id\":\"https:\/\/www.bekament.com\/de\/interview-mit-dem-direktor-fuer-inlands-und-auslandsverkauf-von-bekament-fuer-ton-magazin\/#breadcrumb\",\"itemListElement\":[{\"@type\":\"ListItem\",\"position\":1,\"name\":\"Home\",\"item\":\"https:\/\/www.bekament.com\/de\/\"},{\"@type\":\"ListItem\",\"position\":2,\"name\":\"Interview mit dem Direktor f\u00fcr Inlands- und Auslandsverkauf von Bekament f\u00fcr Ton-Magazin\"}]},{\"@type\":\"WebSite\",\"@id\":\"https:\/\/www.bekament.com\/de\/#website\",\"url\":\"https:\/\/www.bekament.com\/de\/\",\"name\":\"Bekament\",\"description\":\"\",\"publisher\":{\"@id\":\"https:\/\/www.bekament.com\/de\/#organization\"},\"potentialAction\":[{\"@type\":\"SearchAction\",\"target\":{\"@type\":\"EntryPoint\",\"urlTemplate\":\"https:\/\/www.bekament.com\/de\/?s={search_term_string}\"},\"query-input\":{\"@type\":\"PropertyValueSpecification\",\"valueRequired\":true,\"valueName\":\"search_term_string\"}}],\"inLanguage\":\"de\"},{\"@type\":\"Organization\",\"@id\":\"https:\/\/www.bekament.com\/de\/#organization\",\"name\":\"Bekament\",\"url\":\"https:\/\/www.bekament.com\/de\/\",\"logo\":{\"@type\":\"ImageObject\",\"inLanguage\":\"de\",\"@id\":\"https:\/\/www.bekament.com\/de\/#\/schema\/logo\/image\/\",\"url\":\"https:\/\/www.bekament.com\/wp-content\/uploads\/2024\/06\/bekament-logo-full.png\",\"contentUrl\":\"https:\/\/www.bekament.com\/wp-content\/uploads\/2024\/06\/bekament-logo-full.png\",\"width\":321,\"height\":53,\"caption\":\"Bekament\"},\"image\":{\"@id\":\"https:\/\/www.bekament.com\/de\/#\/schema\/logo\/image\/\"},\"sameAs\":[\"https:\/\/www.facebook.com\/Bekament\/\",\"https:\/\/www.linkedin.com\/company\/bekament\/?originalSubdomain=rs\",\"https:\/\/www.instagram.com\/bekamentsrb\",\"https:\/\/www.youtube.com\/channel\/UC-pSPBUIrN_FO3OwAN200Jw\"]},{\"@type\":\"Person\",\"@id\":\"https:\/\/www.bekament.com\/de\/#\/schema\/person\/7d117e01a27b9a95bc635430b5928bd4\",\"name\":\"admin\",\"image\":{\"@type\":\"ImageObject\",\"inLanguage\":\"de\",\"@id\":\"https:\/\/www.bekament.com\/de\/#\/schema\/person\/image\/\",\"url\":\"https:\/\/www.bekament.com\/wp-content\/litespeed\/avatar\/efdccd4af1c95c7b91d0ecae2aac20d3.jpg?ver=1777209586\",\"contentUrl\":\"https:\/\/www.bekament.com\/wp-content\/litespeed\/avatar\/efdccd4af1c95c7b91d0ecae2aac20d3.jpg?ver=1777209586\",\"caption\":\"admin\"},\"sameAs\":[\"https:\/\/bekament.com\"],\"url\":\"https:\/\/www.bekament.com\/de\/author\/bekament\/\"}]}<\/script>\n<!-- \/ Yoast SEO plugin. -->","yoast_head_json":{"title":"Interview mit dem Direktor f\u00fcr Inlands- und Auslandsverkauf von Bekament f\u00fcr Ton-Magazin - Bekament","robots":{"index":"index","follow":"follow","max-snippet":"max-snippet:-1","max-image-preview":"max-image-preview:large","max-video-preview":"max-video-preview:-1"},"canonical":"https:\/\/www.bekament.com\/de\/interview-mit-dem-direktor-fuer-inlands-und-auslandsverkauf-von-bekament-fuer-ton-magazin\/","og_locale":"de_DE","og_type":"article","og_title":"Interview mit dem Direktor f\u00fcr Inlands- und Auslandsverkauf von Bekament f\u00fcr Ton-Magazin - Bekament","og_description":"Es ist offensichtlich, dass unsere Gesellschaft reifer wird und das Humankapital immer gefragter ist. Trotz der Modernisierung von Verfahren und der Automatisierung von Prozessen bleiben qualifizierte Mitarbeiter das bedeutendste Glied in der Gesch\u00e4ftssph\u00e4re, dem kontinuierlich besondere Aufmerksamkeit geschenkt werden muss.","og_url":"https:\/\/www.bekament.com\/de\/interview-mit-dem-direktor-fuer-inlands-und-auslandsverkauf-von-bekament-fuer-ton-magazin\/","og_site_name":"Bekament","article_publisher":"https:\/\/www.facebook.com\/Bekament\/","article_published_time":"2023-01-17T11:14:00+00:00","og_image":[{"width":825,"height":432,"url":"https:\/\/www.bekament.com\/wp-content\/uploads\/2023\/01\/1349-bojan-svonja-direktor-medium-jpg.jpg","type":"image\/jpeg"}],"author":"admin","twitter_card":"summary_large_image","twitter_misc":{"Verfasst von":"admin","Gesch\u00e4tzte Lesezeit":"2\u00a0Minuten"},"schema":{"@context":"https:\/\/schema.org","@graph":[{"@type":"Article","@id":"https:\/\/www.bekament.com\/de\/interview-mit-dem-direktor-fuer-inlands-und-auslandsverkauf-von-bekament-fuer-ton-magazin\/#article","isPartOf":{"@id":"https:\/\/www.bekament.com\/de\/interview-mit-dem-direktor-fuer-inlands-und-auslandsverkauf-von-bekament-fuer-ton-magazin\/"},"author":{"name":"admin","@id":"https:\/\/www.bekament.com\/de\/#\/schema\/person\/7d117e01a27b9a95bc635430b5928bd4"},"headline":"Interview mit dem Direktor f\u00fcr Inlands- und Auslandsverkauf von Bekament f\u00fcr Ton-Magazin","datePublished":"2023-01-17T11:14:00+00:00","mainEntityOfPage":{"@id":"https:\/\/www.bekament.com\/de\/interview-mit-dem-direktor-fuer-inlands-und-auslandsverkauf-von-bekament-fuer-ton-magazin\/"},"wordCount":444,"commentCount":0,"publisher":{"@id":"https:\/\/www.bekament.com\/de\/#organization"},"image":{"@id":"https:\/\/www.bekament.com\/de\/interview-mit-dem-direktor-fuer-inlands-und-auslandsverkauf-von-bekament-fuer-ton-magazin\/#primaryimage"},"thumbnailUrl":"https:\/\/www.bekament.com\/wp-content\/uploads\/2023\/01\/1349-bojan-svonja-direktor-medium-jpg.jpg","articleSection":["Vesti"],"inLanguage":"de","potentialAction":[{"@type":"CommentAction","name":"Comment","target":["https:\/\/www.bekament.com\/de\/interview-mit-dem-direktor-fuer-inlands-und-auslandsverkauf-von-bekament-fuer-ton-magazin\/#respond"]}]},{"@type":"WebPage","@id":"https:\/\/www.bekament.com\/de\/interview-mit-dem-direktor-fuer-inlands-und-auslandsverkauf-von-bekament-fuer-ton-magazin\/","url":"https:\/\/www.bekament.com\/de\/interview-mit-dem-direktor-fuer-inlands-und-auslandsverkauf-von-bekament-fuer-ton-magazin\/","name":"Interview mit dem Direktor f\u00fcr Inlands- und Auslandsverkauf von Bekament f\u00fcr Ton-Magazin - Bekament","isPartOf":{"@id":"https:\/\/www.bekament.com\/de\/#website"},"primaryImageOfPage":{"@id":"https:\/\/www.bekament.com\/de\/interview-mit-dem-direktor-fuer-inlands-und-auslandsverkauf-von-bekament-fuer-ton-magazin\/#primaryimage"},"image":{"@id":"https:\/\/www.bekament.com\/de\/interview-mit-dem-direktor-fuer-inlands-und-auslandsverkauf-von-bekament-fuer-ton-magazin\/#primaryimage"},"thumbnailUrl":"https:\/\/www.bekament.com\/wp-content\/uploads\/2023\/01\/1349-bojan-svonja-direktor-medium-jpg.jpg","datePublished":"2023-01-17T11:14:00+00:00","breadcrumb":{"@id":"https:\/\/www.bekament.com\/de\/interview-mit-dem-direktor-fuer-inlands-und-auslandsverkauf-von-bekament-fuer-ton-magazin\/#breadcrumb"},"inLanguage":"de","potentialAction":[{"@type":"ReadAction","target":["https:\/\/www.bekament.com\/de\/interview-mit-dem-direktor-fuer-inlands-und-auslandsverkauf-von-bekament-fuer-ton-magazin\/"]}]},{"@type":"ImageObject","inLanguage":"de","@id":"https:\/\/www.bekament.com\/de\/interview-mit-dem-direktor-fuer-inlands-und-auslandsverkauf-von-bekament-fuer-ton-magazin\/#primaryimage","url":"https:\/\/www.bekament.com\/wp-content\/uploads\/2023\/01\/1349-bojan-svonja-direktor-medium-jpg.jpg","contentUrl":"https:\/\/www.bekament.com\/wp-content\/uploads\/2023\/01\/1349-bojan-svonja-direktor-medium-jpg.jpg","width":825,"height":432},{"@type":"BreadcrumbList","@id":"https:\/\/www.bekament.com\/de\/interview-mit-dem-direktor-fuer-inlands-und-auslandsverkauf-von-bekament-fuer-ton-magazin\/#breadcrumb","itemListElement":[{"@type":"ListItem","position":1,"name":"Home","item":"https:\/\/www.bekament.com\/de\/"},{"@type":"ListItem","position":2,"name":"Interview mit dem Direktor f\u00fcr Inlands- und Auslandsverkauf von Bekament f\u00fcr Ton-Magazin"}]},{"@type":"WebSite","@id":"https:\/\/www.bekament.com\/de\/#website","url":"https:\/\/www.bekament.com\/de\/","name":"Bekament","description":"","publisher":{"@id":"https:\/\/www.bekament.com\/de\/#organization"},"potentialAction":[{"@type":"SearchAction","target":{"@type":"EntryPoint","urlTemplate":"https:\/\/www.bekament.com\/de\/?s={search_term_string}"},"query-input":{"@type":"PropertyValueSpecification","valueRequired":true,"valueName":"search_term_string"}}],"inLanguage":"de"},{"@type":"Organization","@id":"https:\/\/www.bekament.com\/de\/#organization","name":"Bekament","url":"https:\/\/www.bekament.com\/de\/","logo":{"@type":"ImageObject","inLanguage":"de","@id":"https:\/\/www.bekament.com\/de\/#\/schema\/logo\/image\/","url":"https:\/\/www.bekament.com\/wp-content\/uploads\/2024\/06\/bekament-logo-full.png","contentUrl":"https:\/\/www.bekament.com\/wp-content\/uploads\/2024\/06\/bekament-logo-full.png","width":321,"height":53,"caption":"Bekament"},"image":{"@id":"https:\/\/www.bekament.com\/de\/#\/schema\/logo\/image\/"},"sameAs":["https:\/\/www.facebook.com\/Bekament\/","https:\/\/www.linkedin.com\/company\/bekament\/?originalSubdomain=rs","https:\/\/www.instagram.com\/bekamentsrb","https:\/\/www.youtube.com\/channel\/UC-pSPBUIrN_FO3OwAN200Jw"]},{"@type":"Person","@id":"https:\/\/www.bekament.com\/de\/#\/schema\/person\/7d117e01a27b9a95bc635430b5928bd4","name":"admin","image":{"@type":"ImageObject","inLanguage":"de","@id":"https:\/\/www.bekament.com\/de\/#\/schema\/person\/image\/","url":"https:\/\/www.bekament.com\/wp-content\/litespeed\/avatar\/efdccd4af1c95c7b91d0ecae2aac20d3.jpg?ver=1777209586","contentUrl":"https:\/\/www.bekament.com\/wp-content\/litespeed\/avatar\/efdccd4af1c95c7b91d0ecae2aac20d3.jpg?ver=1777209586","caption":"admin"},"sameAs":["https:\/\/bekament.com"],"url":"https:\/\/www.bekament.com\/de\/author\/bekament\/"}]}},"_links":{"self":[{"href":"https:\/\/www.bekament.com\/de\/wp-json\/wp\/v2\/posts\/17408","targetHints":{"allow":["GET"]}}],"collection":[{"href":"https:\/\/www.bekament.com\/de\/wp-json\/wp\/v2\/posts"}],"about":[{"href":"https:\/\/www.bekament.com\/de\/wp-json\/wp\/v2\/types\/post"}],"author":[{"embeddable":true,"href":"https:\/\/www.bekament.com\/de\/wp-json\/wp\/v2\/users\/1"}],"replies":[{"embeddable":true,"href":"https:\/\/www.bekament.com\/de\/wp-json\/wp\/v2\/comments?post=17408"}],"version-history":[{"count":0,"href":"https:\/\/www.bekament.com\/de\/wp-json\/wp\/v2\/posts\/17408\/revisions"}],"wp:featuredmedia":[{"embeddable":true,"href":"https:\/\/www.bekament.com\/de\/wp-json\/wp\/v2\/media\/17409"}],"wp:attachment":[{"href":"https:\/\/www.bekament.com\/de\/wp-json\/wp\/v2\/media?parent=17408"}],"wp:term":[{"taxonomy":"category","embeddable":true,"href":"https:\/\/www.bekament.com\/de\/wp-json\/wp\/v2\/categories?post=17408"},{"taxonomy":"post_tag","embeddable":true,"href":"https:\/\/www.bekament.com\/de\/wp-json\/wp\/v2\/tags?post=17408"}],"curies":[{"name":"wp","href":"https:\/\/api.w.org\/{rel}","templated":true}]}}