{"id":17471,"date":"2022-10-19T12:12:00","date_gmt":"2022-10-19T10:12:00","guid":{"rendered":"https:\/\/bekament.com\/wissen-ist-wenn-man-es-auch-in-der-praxis-sieht\/"},"modified":"2022-10-19T12:12:00","modified_gmt":"2022-10-19T10:12:00","slug":"wissen-ist-wenn-man-es-auch-in-der-praxis-sieht","status":"publish","type":"post","link":"https:\/\/www.bekament.com\/de\/wissen-ist-wenn-man-es-auch-in-der-praxis-sieht\/","title":{"rendered":"Wissen ist, wenn man es auch in der Praxis sieht"},"content":{"rendered":"<h4><strong>ANL\u00c4SSLICH DER KINDERWOCHE BEGR\u00dcSSTE BEKAMENT AM FREITAG, DEN 7. OKTOBER, MIT GROSSER FREUDE SCH\u00dcLER DER KLASSEN 1 BIS 4 DER GRUNDSCHULE \u201eDU\u0160AN RADONJI\u0106\u201c AUS BANJA IN ARAN\u0110ELOVAC IN SEINEM FABRIKKOMPLEX.    <\/strong><\/h4>\n<p>W\u00e4hrend des organisierten Besuchs hatten die Sch\u00fcler die Gelegenheit, das Schulungszentrum zu besichtigen, einige Produkte aus dem breiten Bekament-Sortiment kennenzulernen und sich einen interessanten Showroom f\u00fcr dekorative Techniken anzusehen.<\/p>\n<p><img loading=\"lazy\" decoding=\"async\" class=\"alignnone wp-image-2439 size-full\" src=\"https:\/\/www.bekament.com\/wp-content\/uploads\/2022\/10\/OS-Dusan-Radonjic-Banja-3.jpg\" alt=\"\" width=\"1200\" height=\"1600\" srcset=\"https:\/\/www.bekament.com\/wp-content\/uploads\/2022\/10\/OS-Dusan-Radonjic-Banja-3.jpg 1200w, https:\/\/www.bekament.com\/wp-content\/uploads\/2022\/10\/OS-Dusan-Radonjic-Banja-3-225x300.jpg 225w, https:\/\/www.bekament.com\/wp-content\/uploads\/2022\/10\/OS-Dusan-Radonjic-Banja-3-768x1024.jpg 768w, https:\/\/www.bekament.com\/wp-content\/uploads\/2022\/10\/OS-Dusan-Radonjic-Banja-3-1152x1536.jpg 1152w\" sizes=\"auto, (max-width: 1200px) 100vw, 1200px\" \/> <img loading=\"lazy\" decoding=\"async\" class=\"alignnone wp-image-2440 size-full\" src=\"https:\/\/www.bekament.com\/wp-content\/uploads\/2022\/10\/OS-Dusan-Radonjic-Banja-2.jpg\" alt=\"\" width=\"1200\" height=\"1600\" srcset=\"https:\/\/www.bekament.com\/wp-content\/uploads\/2022\/10\/OS-Dusan-Radonjic-Banja-2.jpg 1200w, https:\/\/www.bekament.com\/wp-content\/uploads\/2022\/10\/OS-Dusan-Radonjic-Banja-2-225x300.jpg 225w, https:\/\/www.bekament.com\/wp-content\/uploads\/2022\/10\/OS-Dusan-Radonjic-Banja-2-768x1024.jpg 768w, https:\/\/www.bekament.com\/wp-content\/uploads\/2022\/10\/OS-Dusan-Radonjic-Banja-2-1152x1536.jpg 1152w\" sizes=\"auto, (max-width: 1200px) 100vw, 1200px\" \/><\/p>\n<p>Am selben Tag begr\u00fc\u00dfte Bekament auch Sch\u00fcler der Ersten Technischen Schule aus Kragujevac (eine Klasse von Bautechnikern und eine Klasse von Architekturtechnikern) mit dem Ziel, die Qualit\u00e4t ihres Unterrichts zu verbessern. W\u00e4hrend des Besuchs besichtigten die Gymnasiasten die Produktionsanlagen und erhielten Einblick in den Produktionsprozess von Materialien f\u00fcr den Innenausbau im Bauwesen sowie deren praktische Anwendung im Bekament-Schulungszentrum. Au\u00dferdem stellten die Ingenieure des technischen Supports systematische L\u00f6sungen (W\u00e4rmed\u00e4mm-Fassadensysteme und Systeme zur Verlegung von Keramik) vor, die bei den Sch\u00fclern gro\u00dfes Interesse weckten. <\/p>\n<p><img loading=\"lazy\" decoding=\"async\" class=\"alignnone wp-image-2444 size-full\" src=\"https:\/\/www.bekament.com\/wp-content\/uploads\/2022\/10\/Tehnicka-skola-Kragujevac.jpg\" alt=\"\" width=\"1600\" height=\"1200\" srcset=\"https:\/\/www.bekament.com\/wp-content\/uploads\/2022\/10\/Tehnicka-skola-Kragujevac.jpg 1600w, https:\/\/www.bekament.com\/wp-content\/uploads\/2022\/10\/Tehnicka-skola-Kragujevac-300x225.jpg 300w, https:\/\/www.bekament.com\/wp-content\/uploads\/2022\/10\/Tehnicka-skola-Kragujevac-1024x768.jpg 1024w, https:\/\/www.bekament.com\/wp-content\/uploads\/2022\/10\/Tehnicka-skola-Kragujevac-768x576.jpg 768w, https:\/\/www.bekament.com\/wp-content\/uploads\/2022\/10\/Tehnicka-skola-Kragujevac-1536x1152.jpg 1536w\" sizes=\"auto, (max-width: 1600px) 100vw, 1600px\" \/><\/p>\n<p>Voller Eindr\u00fccke und mit einem L\u00e4cheln im Gesicht beendeten die Sch\u00fcler ihren Besuch, und Bekament wird stets solche und \u00e4hnliche Initiativen unterst\u00fctzen, die die M\u00f6glichkeit bieten, theoretisches Wissen durch praktischen Unterricht zu erg\u00e4nzen.<\/p>\n<p>Bekament<\/p>\n<p>Die St\u00e4rke ist in unseren H\u00e4nden<\/p>\n<p><img loading=\"lazy\" decoding=\"async\" class=\"alignnone wp-image-2445 size-full\" src=\"https:\/\/www.bekament.com\/wp-content\/uploads\/2022\/10\/Tehnicka-skola-Kragujevac-3.jpg\" alt=\"\" width=\"1600\" height=\"1200\" srcset=\"https:\/\/www.bekament.com\/wp-content\/uploads\/2022\/10\/Tehnicka-skola-Kragujevac-3.jpg 1600w, https:\/\/www.bekament.com\/wp-content\/uploads\/2022\/10\/Tehnicka-skola-Kragujevac-3-300x225.jpg 300w, https:\/\/www.bekament.com\/wp-content\/uploads\/2022\/10\/Tehnicka-skola-Kragujevac-3-1024x768.jpg 1024w, https:\/\/www.bekament.com\/wp-content\/uploads\/2022\/10\/Tehnicka-skola-Kragujevac-3-768x576.jpg 768w, https:\/\/www.bekament.com\/wp-content\/uploads\/2022\/10\/Tehnicka-skola-Kragujevac-3-1536x1152.jpg 1536w\" sizes=\"auto, (max-width: 1600px) 100vw, 1600px\" \/> <img loading=\"lazy\" decoding=\"async\" class=\"alignnone wp-image-2446 size-full\" src=\"https:\/\/www.bekament.com\/wp-content\/uploads\/2022\/10\/Tehnicka-skola-Kragujevac-2.jpg\" alt=\"\" width=\"1600\" height=\"1200\" srcset=\"https:\/\/www.bekament.com\/wp-content\/uploads\/2022\/10\/Tehnicka-skola-Kragujevac-2.jpg 1600w, https:\/\/www.bekament.com\/wp-content\/uploads\/2022\/10\/Tehnicka-skola-Kragujevac-2-300x225.jpg 300w, https:\/\/www.bekament.com\/wp-content\/uploads\/2022\/10\/Tehnicka-skola-Kragujevac-2-1024x768.jpg 1024w, https:\/\/www.bekament.com\/wp-content\/uploads\/2022\/10\/Tehnicka-skola-Kragujevac-2-768x576.jpg 768w, https:\/\/www.bekament.com\/wp-content\/uploads\/2022\/10\/Tehnicka-skola-Kragujevac-2-1536x1152.jpg 1536w\" sizes=\"auto, (max-width: 1600px) 100vw, 1600px\" \/><\/p>\n","protected":false},"excerpt":{"rendered":"<p>Anl\u00e4sslich der Kinderwoche begr\u00fc\u00dfte Bekament am Freitag, den 7. Oktober, mit gro\u00dfer Freude Sch\u00fcler der Klassen 1 bis 4 der Grundschule \u201eDu\u0161an Radonji\u0107\u201c aus Banja in Aran\u0111elovac in seinem Fabrikkomplex.   <\/p>\n","protected":false},"author":1,"featured_media":17475,"comment_status":"open","ping_status":"open","sticky":false,"template":"","format":"standard","meta":{"_acf_changed":false,"inline_featured_image":false,"footnotes":""},"categories":[145],"tags":[],"class_list":["post-17471","post","type-post","status-publish","format-standard","has-post-thumbnail","hentry","category-vesti-de"],"acf":[],"yoast_head":"<!-- This site is optimized with the Yoast SEO plugin v27.1.1 - https:\/\/yoast.com\/product\/yoast-seo-wordpress\/ -->\n<title>Wissen ist, wenn man es auch in der Praxis sieht - Bekament<\/title>\n<meta name=\"robots\" content=\"index, follow, max-snippet:-1, max-image-preview:large, max-video-preview:-1\" \/>\n<link rel=\"canonical\" href=\"https:\/\/www.bekament.com\/de\/wissen-ist-wenn-man-es-auch-in-der-praxis-sieht\/\" \/>\n<meta property=\"og:locale\" content=\"de_DE\" \/>\n<meta property=\"og:type\" content=\"article\" \/>\n<meta property=\"og:title\" content=\"Wissen ist, wenn man es auch in der Praxis sieht - Bekament\" \/>\n<meta property=\"og:description\" content=\"Anl\u00e4sslich der Kinderwoche begr\u00fc\u00dfte Bekament am Freitag, den 7. Oktober, mit gro\u00dfer Freude Sch\u00fcler der Klassen 1 bis 4 der Grundschule \u201eDu\u0161an Radonji\u0107\u201c aus Banja in Aran\u0111elovac in seinem Fabrikkomplex.\" \/>\n<meta property=\"og:url\" content=\"https:\/\/www.bekament.com\/de\/wissen-ist-wenn-man-es-auch-in-der-praxis-sieht\/\" \/>\n<meta property=\"og:site_name\" content=\"Bekament\" \/>\n<meta property=\"article:publisher\" content=\"https:\/\/www.facebook.com\/Bekament\/\" \/>\n<meta property=\"article:published_time\" content=\"2022-10-19T10:12:00+00:00\" \/>\n<meta property=\"og:image\" content=\"https:\/\/www.bekament.com\/wp-content\/uploads\/2022\/10\/1241-os-dusan-radonjic-banja-medium-jpg-1.jpg\" \/>\n\t<meta property=\"og:image:width\" content=\"825\" \/>\n\t<meta property=\"og:image:height\" content=\"432\" \/>\n\t<meta property=\"og:image:type\" content=\"image\/jpeg\" \/>\n<meta name=\"author\" content=\"admin\" \/>\n<meta name=\"twitter:card\" content=\"summary_large_image\" \/>\n<meta name=\"twitter:label1\" content=\"Verfasst von\" \/>\n\t<meta name=\"twitter:data1\" content=\"admin\" \/>\n\t<meta name=\"twitter:label2\" content=\"Gesch\u00e4tzte Lesezeit\" \/>\n\t<meta name=\"twitter:data2\" content=\"1\u00a0Minute\" \/>\n<script type=\"application\/ld+json\" class=\"yoast-schema-graph\">{\"@context\":\"https:\/\/schema.org\",\"@graph\":[{\"@type\":\"Article\",\"@id\":\"https:\/\/www.bekament.com\/de\/wissen-ist-wenn-man-es-auch-in-der-praxis-sieht\/#article\",\"isPartOf\":{\"@id\":\"https:\/\/www.bekament.com\/de\/wissen-ist-wenn-man-es-auch-in-der-praxis-sieht\/\"},\"author\":{\"name\":\"admin\",\"@id\":\"https:\/\/www.bekament.com\/de\/#\/schema\/person\/7d117e01a27b9a95bc635430b5928bd4\"},\"headline\":\"Wissen ist, wenn man es auch in der Praxis sieht\",\"datePublished\":\"2022-10-19T10:12:00+00:00\",\"mainEntityOfPage\":{\"@id\":\"https:\/\/www.bekament.com\/de\/wissen-ist-wenn-man-es-auch-in-der-praxis-sieht\/\"},\"wordCount\":215,\"commentCount\":0,\"publisher\":{\"@id\":\"https:\/\/www.bekament.com\/de\/#organization\"},\"image\":{\"@id\":\"https:\/\/www.bekament.com\/de\/wissen-ist-wenn-man-es-auch-in-der-praxis-sieht\/#primaryimage\"},\"thumbnailUrl\":\"https:\/\/www.bekament.com\/wp-content\/uploads\/2022\/10\/1241-os-dusan-radonjic-banja-medium-jpg-1.jpg\",\"articleSection\":[\"Vesti\"],\"inLanguage\":\"de\",\"potentialAction\":[{\"@type\":\"CommentAction\",\"name\":\"Comment\",\"target\":[\"https:\/\/www.bekament.com\/de\/wissen-ist-wenn-man-es-auch-in-der-praxis-sieht\/#respond\"]}]},{\"@type\":\"WebPage\",\"@id\":\"https:\/\/www.bekament.com\/de\/wissen-ist-wenn-man-es-auch-in-der-praxis-sieht\/\",\"url\":\"https:\/\/www.bekament.com\/de\/wissen-ist-wenn-man-es-auch-in-der-praxis-sieht\/\",\"name\":\"Wissen ist, wenn man es auch in der Praxis sieht - Bekament\",\"isPartOf\":{\"@id\":\"https:\/\/www.bekament.com\/de\/#website\"},\"primaryImageOfPage\":{\"@id\":\"https:\/\/www.bekament.com\/de\/wissen-ist-wenn-man-es-auch-in-der-praxis-sieht\/#primaryimage\"},\"image\":{\"@id\":\"https:\/\/www.bekament.com\/de\/wissen-ist-wenn-man-es-auch-in-der-praxis-sieht\/#primaryimage\"},\"thumbnailUrl\":\"https:\/\/www.bekament.com\/wp-content\/uploads\/2022\/10\/1241-os-dusan-radonjic-banja-medium-jpg-1.jpg\",\"datePublished\":\"2022-10-19T10:12:00+00:00\",\"breadcrumb\":{\"@id\":\"https:\/\/www.bekament.com\/de\/wissen-ist-wenn-man-es-auch-in-der-praxis-sieht\/#breadcrumb\"},\"inLanguage\":\"de\",\"potentialAction\":[{\"@type\":\"ReadAction\",\"target\":[\"https:\/\/www.bekament.com\/de\/wissen-ist-wenn-man-es-auch-in-der-praxis-sieht\/\"]}]},{\"@type\":\"ImageObject\",\"inLanguage\":\"de\",\"@id\":\"https:\/\/www.bekament.com\/de\/wissen-ist-wenn-man-es-auch-in-der-praxis-sieht\/#primaryimage\",\"url\":\"https:\/\/www.bekament.com\/wp-content\/uploads\/2022\/10\/1241-os-dusan-radonjic-banja-medium-jpg-1.jpg\",\"contentUrl\":\"https:\/\/www.bekament.com\/wp-content\/uploads\/2022\/10\/1241-os-dusan-radonjic-banja-medium-jpg-1.jpg\",\"width\":825,\"height\":432},{\"@type\":\"BreadcrumbList\",\"@id\":\"https:\/\/www.bekament.com\/de\/wissen-ist-wenn-man-es-auch-in-der-praxis-sieht\/#breadcrumb\",\"itemListElement\":[{\"@type\":\"ListItem\",\"position\":1,\"name\":\"Home\",\"item\":\"https:\/\/www.bekament.com\/de\/\"},{\"@type\":\"ListItem\",\"position\":2,\"name\":\"Wissen ist, wenn man es auch in der Praxis sieht\"}]},{\"@type\":\"WebSite\",\"@id\":\"https:\/\/www.bekament.com\/de\/#website\",\"url\":\"https:\/\/www.bekament.com\/de\/\",\"name\":\"Bekament\",\"description\":\"\",\"publisher\":{\"@id\":\"https:\/\/www.bekament.com\/de\/#organization\"},\"potentialAction\":[{\"@type\":\"SearchAction\",\"target\":{\"@type\":\"EntryPoint\",\"urlTemplate\":\"https:\/\/www.bekament.com\/de\/?s={search_term_string}\"},\"query-input\":{\"@type\":\"PropertyValueSpecification\",\"valueRequired\":true,\"valueName\":\"search_term_string\"}}],\"inLanguage\":\"de\"},{\"@type\":\"Organization\",\"@id\":\"https:\/\/www.bekament.com\/de\/#organization\",\"name\":\"Bekament\",\"url\":\"https:\/\/www.bekament.com\/de\/\",\"logo\":{\"@type\":\"ImageObject\",\"inLanguage\":\"de\",\"@id\":\"https:\/\/www.bekament.com\/de\/#\/schema\/logo\/image\/\",\"url\":\"https:\/\/www.bekament.com\/wp-content\/uploads\/2024\/06\/bekament-logo-full.png\",\"contentUrl\":\"https:\/\/www.bekament.com\/wp-content\/uploads\/2024\/06\/bekament-logo-full.png\",\"width\":321,\"height\":53,\"caption\":\"Bekament\"},\"image\":{\"@id\":\"https:\/\/www.bekament.com\/de\/#\/schema\/logo\/image\/\"},\"sameAs\":[\"https:\/\/www.facebook.com\/Bekament\/\",\"https:\/\/www.linkedin.com\/company\/bekament\/?originalSubdomain=rs\",\"https:\/\/www.instagram.com\/bekamentsrb\",\"https:\/\/www.youtube.com\/channel\/UC-pSPBUIrN_FO3OwAN200Jw\"]},{\"@type\":\"Person\",\"@id\":\"https:\/\/www.bekament.com\/de\/#\/schema\/person\/7d117e01a27b9a95bc635430b5928bd4\",\"name\":\"admin\",\"image\":{\"@type\":\"ImageObject\",\"inLanguage\":\"de\",\"@id\":\"https:\/\/www.bekament.com\/de\/#\/schema\/person\/image\/\",\"url\":\"https:\/\/www.bekament.com\/wp-content\/litespeed\/avatar\/efdccd4af1c95c7b91d0ecae2aac20d3.jpg?ver=1777209586\",\"contentUrl\":\"https:\/\/www.bekament.com\/wp-content\/litespeed\/avatar\/efdccd4af1c95c7b91d0ecae2aac20d3.jpg?ver=1777209586\",\"caption\":\"admin\"},\"sameAs\":[\"https:\/\/bekament.com\"],\"url\":\"https:\/\/www.bekament.com\/de\/author\/bekament\/\"}]}<\/script>\n<!-- \/ Yoast SEO plugin. -->","yoast_head_json":{"title":"Wissen ist, wenn man es auch in der Praxis sieht - Bekament","robots":{"index":"index","follow":"follow","max-snippet":"max-snippet:-1","max-image-preview":"max-image-preview:large","max-video-preview":"max-video-preview:-1"},"canonical":"https:\/\/www.bekament.com\/de\/wissen-ist-wenn-man-es-auch-in-der-praxis-sieht\/","og_locale":"de_DE","og_type":"article","og_title":"Wissen ist, wenn man es auch in der Praxis sieht - Bekament","og_description":"Anl\u00e4sslich der Kinderwoche begr\u00fc\u00dfte Bekament am Freitag, den 7. Oktober, mit gro\u00dfer Freude Sch\u00fcler der Klassen 1 bis 4 der Grundschule \u201eDu\u0161an Radonji\u0107\u201c aus Banja in Aran\u0111elovac in seinem Fabrikkomplex.","og_url":"https:\/\/www.bekament.com\/de\/wissen-ist-wenn-man-es-auch-in-der-praxis-sieht\/","og_site_name":"Bekament","article_publisher":"https:\/\/www.facebook.com\/Bekament\/","article_published_time":"2022-10-19T10:12:00+00:00","og_image":[{"width":825,"height":432,"url":"https:\/\/www.bekament.com\/wp-content\/uploads\/2022\/10\/1241-os-dusan-radonjic-banja-medium-jpg-1.jpg","type":"image\/jpeg"}],"author":"admin","twitter_card":"summary_large_image","twitter_misc":{"Verfasst von":"admin","Gesch\u00e4tzte Lesezeit":"1\u00a0Minute"},"schema":{"@context":"https:\/\/schema.org","@graph":[{"@type":"Article","@id":"https:\/\/www.bekament.com\/de\/wissen-ist-wenn-man-es-auch-in-der-praxis-sieht\/#article","isPartOf":{"@id":"https:\/\/www.bekament.com\/de\/wissen-ist-wenn-man-es-auch-in-der-praxis-sieht\/"},"author":{"name":"admin","@id":"https:\/\/www.bekament.com\/de\/#\/schema\/person\/7d117e01a27b9a95bc635430b5928bd4"},"headline":"Wissen ist, wenn man es auch in der Praxis sieht","datePublished":"2022-10-19T10:12:00+00:00","mainEntityOfPage":{"@id":"https:\/\/www.bekament.com\/de\/wissen-ist-wenn-man-es-auch-in-der-praxis-sieht\/"},"wordCount":215,"commentCount":0,"publisher":{"@id":"https:\/\/www.bekament.com\/de\/#organization"},"image":{"@id":"https:\/\/www.bekament.com\/de\/wissen-ist-wenn-man-es-auch-in-der-praxis-sieht\/#primaryimage"},"thumbnailUrl":"https:\/\/www.bekament.com\/wp-content\/uploads\/2022\/10\/1241-os-dusan-radonjic-banja-medium-jpg-1.jpg","articleSection":["Vesti"],"inLanguage":"de","potentialAction":[{"@type":"CommentAction","name":"Comment","target":["https:\/\/www.bekament.com\/de\/wissen-ist-wenn-man-es-auch-in-der-praxis-sieht\/#respond"]}]},{"@type":"WebPage","@id":"https:\/\/www.bekament.com\/de\/wissen-ist-wenn-man-es-auch-in-der-praxis-sieht\/","url":"https:\/\/www.bekament.com\/de\/wissen-ist-wenn-man-es-auch-in-der-praxis-sieht\/","name":"Wissen ist, wenn man es auch in der Praxis sieht - Bekament","isPartOf":{"@id":"https:\/\/www.bekament.com\/de\/#website"},"primaryImageOfPage":{"@id":"https:\/\/www.bekament.com\/de\/wissen-ist-wenn-man-es-auch-in-der-praxis-sieht\/#primaryimage"},"image":{"@id":"https:\/\/www.bekament.com\/de\/wissen-ist-wenn-man-es-auch-in-der-praxis-sieht\/#primaryimage"},"thumbnailUrl":"https:\/\/www.bekament.com\/wp-content\/uploads\/2022\/10\/1241-os-dusan-radonjic-banja-medium-jpg-1.jpg","datePublished":"2022-10-19T10:12:00+00:00","breadcrumb":{"@id":"https:\/\/www.bekament.com\/de\/wissen-ist-wenn-man-es-auch-in-der-praxis-sieht\/#breadcrumb"},"inLanguage":"de","potentialAction":[{"@type":"ReadAction","target":["https:\/\/www.bekament.com\/de\/wissen-ist-wenn-man-es-auch-in-der-praxis-sieht\/"]}]},{"@type":"ImageObject","inLanguage":"de","@id":"https:\/\/www.bekament.com\/de\/wissen-ist-wenn-man-es-auch-in-der-praxis-sieht\/#primaryimage","url":"https:\/\/www.bekament.com\/wp-content\/uploads\/2022\/10\/1241-os-dusan-radonjic-banja-medium-jpg-1.jpg","contentUrl":"https:\/\/www.bekament.com\/wp-content\/uploads\/2022\/10\/1241-os-dusan-radonjic-banja-medium-jpg-1.jpg","width":825,"height":432},{"@type":"BreadcrumbList","@id":"https:\/\/www.bekament.com\/de\/wissen-ist-wenn-man-es-auch-in-der-praxis-sieht\/#breadcrumb","itemListElement":[{"@type":"ListItem","position":1,"name":"Home","item":"https:\/\/www.bekament.com\/de\/"},{"@type":"ListItem","position":2,"name":"Wissen ist, wenn man es auch in der Praxis sieht"}]},{"@type":"WebSite","@id":"https:\/\/www.bekament.com\/de\/#website","url":"https:\/\/www.bekament.com\/de\/","name":"Bekament","description":"","publisher":{"@id":"https:\/\/www.bekament.com\/de\/#organization"},"potentialAction":[{"@type":"SearchAction","target":{"@type":"EntryPoint","urlTemplate":"https:\/\/www.bekament.com\/de\/?s={search_term_string}"},"query-input":{"@type":"PropertyValueSpecification","valueRequired":true,"valueName":"search_term_string"}}],"inLanguage":"de"},{"@type":"Organization","@id":"https:\/\/www.bekament.com\/de\/#organization","name":"Bekament","url":"https:\/\/www.bekament.com\/de\/","logo":{"@type":"ImageObject","inLanguage":"de","@id":"https:\/\/www.bekament.com\/de\/#\/schema\/logo\/image\/","url":"https:\/\/www.bekament.com\/wp-content\/uploads\/2024\/06\/bekament-logo-full.png","contentUrl":"https:\/\/www.bekament.com\/wp-content\/uploads\/2024\/06\/bekament-logo-full.png","width":321,"height":53,"caption":"Bekament"},"image":{"@id":"https:\/\/www.bekament.com\/de\/#\/schema\/logo\/image\/"},"sameAs":["https:\/\/www.facebook.com\/Bekament\/","https:\/\/www.linkedin.com\/company\/bekament\/?originalSubdomain=rs","https:\/\/www.instagram.com\/bekamentsrb","https:\/\/www.youtube.com\/channel\/UC-pSPBUIrN_FO3OwAN200Jw"]},{"@type":"Person","@id":"https:\/\/www.bekament.com\/de\/#\/schema\/person\/7d117e01a27b9a95bc635430b5928bd4","name":"admin","image":{"@type":"ImageObject","inLanguage":"de","@id":"https:\/\/www.bekament.com\/de\/#\/schema\/person\/image\/","url":"https:\/\/www.bekament.com\/wp-content\/litespeed\/avatar\/efdccd4af1c95c7b91d0ecae2aac20d3.jpg?ver=1777209586","contentUrl":"https:\/\/www.bekament.com\/wp-content\/litespeed\/avatar\/efdccd4af1c95c7b91d0ecae2aac20d3.jpg?ver=1777209586","caption":"admin"},"sameAs":["https:\/\/bekament.com"],"url":"https:\/\/www.bekament.com\/de\/author\/bekament\/"}]}},"_links":{"self":[{"href":"https:\/\/www.bekament.com\/de\/wp-json\/wp\/v2\/posts\/17471","targetHints":{"allow":["GET"]}}],"collection":[{"href":"https:\/\/www.bekament.com\/de\/wp-json\/wp\/v2\/posts"}],"about":[{"href":"https:\/\/www.bekament.com\/de\/wp-json\/wp\/v2\/types\/post"}],"author":[{"embeddable":true,"href":"https:\/\/www.bekament.com\/de\/wp-json\/wp\/v2\/users\/1"}],"replies":[{"embeddable":true,"href":"https:\/\/www.bekament.com\/de\/wp-json\/wp\/v2\/comments?post=17471"}],"version-history":[{"count":0,"href":"https:\/\/www.bekament.com\/de\/wp-json\/wp\/v2\/posts\/17471\/revisions"}],"wp:featuredmedia":[{"embeddable":true,"href":"https:\/\/www.bekament.com\/de\/wp-json\/wp\/v2\/media\/17475"}],"wp:attachment":[{"href":"https:\/\/www.bekament.com\/de\/wp-json\/wp\/v2\/media?parent=17471"}],"wp:term":[{"taxonomy":"category","embeddable":true,"href":"https:\/\/www.bekament.com\/de\/wp-json\/wp\/v2\/categories?post=17471"},{"taxonomy":"post_tag","embeddable":true,"href":"https:\/\/www.bekament.com\/de\/wp-json\/wp\/v2\/tags?post=17471"}],"curies":[{"name":"wp","href":"https:\/\/api.w.org\/{rel}","templated":true}]}}