{"id":17488,"date":"2022-10-11T12:19:00","date_gmt":"2022-10-11T10:19:00","guid":{"rendered":"https:\/\/bekament.com\/hr-direktor-von-bekament-auf-dem-4-lean-kaizen-kongress-serbien-2022\/"},"modified":"2022-10-11T12:19:00","modified_gmt":"2022-10-11T10:19:00","slug":"hr-direktor-von-bekament-auf-dem-4-lean-kaizen-kongress-serbien-2022","status":"publish","type":"post","link":"https:\/\/www.bekament.com\/de\/hr-direktor-von-bekament-auf-dem-4-lean-kaizen-kongress-serbien-2022\/","title":{"rendered":"HR-Direktor von Bekament auf dem 4. Lean &amp; Kaizen Kongress Serbien 2022"},"content":{"rendered":"<h4><strong>DER 4. LEAN- UND KAIZEN-KONGRESS MIT DEM TITEL \u201eNUTZE DIE CHANCE UND VERWANDLE DICH IN EIN LEAN-UNTERNEHMEN\u201d FAND VOM 3. BIS 4. OKTOBER IM CROWNE PLAZA HOTEL IN BELGRAD STATT.  <\/strong><\/h4>\n<p>In diesem Jahr brachte der Kongress mehr als 300 Teilnehmer an einem Ort zusammen und ist damit das gr\u00f6\u00dfte Lean- und Kaizen-Event in der Region. Die Anwesenden hatten neben Networking und Austausch die M\u00f6glichkeit, sieben verschiedene Panels zu h\u00f6ren, bei denen Direktoren renommierter Unternehmen, die in Serbien t\u00e4tig sind, sprachen. In Panel 2 mit dem Thema \u201eLEAN COACHING \u2013 WIE MAN MIT MITARBEITERN EINE KULTUR DER ST\u00c4NDIGEN VERBESSERUNG SCHAFFT?\u201c teilten HR-Direktoren ihre Erfahrungen dar\u00fcber, wie man mit Menschen (und nicht nur mit Werkzeugen) eine Kultur der st\u00e4ndigen Verbesserung schafft. <\/p>\n<p><img loading=\"lazy\" decoding=\"async\" class=\"alignnone wp-image-2450 size-full\" src=\"https:\/\/www.bekament.com\/wp-content\/uploads\/2022\/10\/4.Lean-i-Kaizen-kongres-sastanak.jpg\" alt=\"\" width=\"1920\" height=\"1280\" srcset=\"https:\/\/www.bekament.com\/wp-content\/uploads\/2022\/10\/4.Lean-i-Kaizen-kongres-sastanak.jpg 1920w, https:\/\/www.bekament.com\/wp-content\/uploads\/2022\/10\/4.Lean-i-Kaizen-kongres-sastanak-300x200.jpg 300w, https:\/\/www.bekament.com\/wp-content\/uploads\/2022\/10\/4.Lean-i-Kaizen-kongres-sastanak-1024x683.jpg 1024w, https:\/\/www.bekament.com\/wp-content\/uploads\/2022\/10\/4.Lean-i-Kaizen-kongres-sastanak-768x512.jpg 768w, https:\/\/www.bekament.com\/wp-content\/uploads\/2022\/10\/4.Lean-i-Kaizen-kongres-sastanak-1536x1024.jpg 1536w\" sizes=\"auto, (max-width: 1920px) 100vw, 1920px\" \/><\/p>\n<p><strong>Ivan Radukanovi\u0107<\/strong>, HR-Direktor bei Bekament, war einer der Panelteilnehmer und hatte die Gelegenheit, zusammen mit den anderen Teilnehmern \u00fcber verschiedene aktuelle Themen im Bereich Mitarbeiterbetreuung zu sprechen \u2013 von Motivation, Methoden zur Verbesserung ihrer Kenntnisse und zwischenmenschlichen F\u00e4higkeiten bis hin zu Leistungsverg\u00fctungssystemen und zur Steigerung der Mitarbeiterzufriedenheit innerhalb des Systems, in dem sie arbeiten. Wir teilen mit Ihnen einen Auszug aus Ivans Vortrag, in dem er w\u00e4hrend des Panels Folgendes sagte: \u201eWir sind darauf ausgerichtet, unsere Teams zu st\u00e4rken, um die Teamleistung und nicht die individuelle Leistung zu steigern. Wir m\u00f6chten, dass sich die Mitarbeiter gegenseitig motivieren, als Team arbeiten und gemeinsam Erfolge erzielen, und deshalb streben wir an, Teamverantwortung und nicht individuelle Verantwortung zu schaffen. Wir wollen unsere Mitarbeiter so weit wie m\u00f6glich in das System, in unsere Kultur, einbinden, denn es ist wichtig, dass sie verstehen, dass Ver\u00e4nderungen bei ihnen beginnen.\u201c Sie k\u00f6nnen das gesamte Panel <a href=\"https:\/\/www.youtube.com\/watch?v=6WPBWs87yyw\" target=\"_blank\" rel=\"noopener\">HIER <\/a>sehen.<\/p>\n<p><img loading=\"lazy\" decoding=\"async\" class=\"alignnone wp-image-2451 size-full\" src=\"https:\/\/www.bekament.com\/wp-content\/uploads\/2022\/10\/lean-coaching-2022.jpg\" alt=\"\" width=\"870\" height=\"1002\" srcset=\"https:\/\/www.bekament.com\/wp-content\/uploads\/2022\/10\/lean-coaching-2022.jpg 870w, https:\/\/www.bekament.com\/wp-content\/uploads\/2022\/10\/lean-coaching-2022-260x300.jpg 260w, https:\/\/www.bekament.com\/wp-content\/uploads\/2022\/10\/lean-coaching-2022-768x885.jpg 768w\" sizes=\"auto, (max-width: 870px) 100vw, 870px\" \/><\/p>\n","protected":false},"excerpt":{"rendered":"<p>Der 4. Lean- und Kaizen-Kongress mit dem Titel \u201eNutze die Chance und verwandle dich in ein Lean-Unternehmen\u201d fand vom 3. bis 4. Oktober im Crowne Plaza Hotel in Belgrad statt.  <\/p>\n","protected":false},"author":1,"featured_media":17489,"comment_status":"open","ping_status":"open","sticky":false,"template":"","format":"standard","meta":{"_acf_changed":false,"inline_featured_image":false,"footnotes":""},"categories":[145],"tags":[],"class_list":["post-17488","post","type-post","status-publish","format-standard","has-post-thumbnail","hentry","category-vesti-de"],"acf":[],"yoast_head":"<!-- This site is optimized with the Yoast SEO plugin v27.1.1 - https:\/\/yoast.com\/product\/yoast-seo-wordpress\/ -->\n<title>HR-Direktor von Bekament auf dem 4. Lean &amp; Kaizen Kongress Serbien 2022 - Bekament<\/title>\n<meta name=\"robots\" content=\"index, follow, max-snippet:-1, max-image-preview:large, max-video-preview:-1\" \/>\n<link rel=\"canonical\" href=\"https:\/\/www.bekament.com\/de\/hr-direktor-von-bekament-auf-dem-4-lean-kaizen-kongress-serbien-2022\/\" \/>\n<meta property=\"og:locale\" content=\"de_DE\" \/>\n<meta property=\"og:type\" content=\"article\" \/>\n<meta property=\"og:title\" content=\"HR-Direktor von Bekament auf dem 4. Lean &amp; Kaizen Kongress Serbien 2022 - Bekament\" \/>\n<meta property=\"og:description\" content=\"Der 4. Lean- und Kaizen-Kongress mit dem Titel \u201eNutze die Chance und verwandle dich in ein Lean-Unternehmen\u201d fand vom 3. bis 4. Oktober im Crowne Plaza Hotel in Belgrad statt.\" \/>\n<meta property=\"og:url\" content=\"https:\/\/www.bekament.com\/de\/hr-direktor-von-bekament-auf-dem-4-lean-kaizen-kongress-serbien-2022\/\" \/>\n<meta property=\"og:site_name\" content=\"Bekament\" \/>\n<meta property=\"article:publisher\" content=\"https:\/\/www.facebook.com\/Bekament\/\" \/>\n<meta property=\"article:published_time\" content=\"2022-10-11T10:19:00+00:00\" \/>\n<meta property=\"og:image\" content=\"https:\/\/www.bekament.com\/wp-content\/uploads\/2022\/10\/1240-4lean-i-kaizen-kongres-medium-jpg.jpg\" \/>\n\t<meta property=\"og:image:width\" content=\"825\" \/>\n\t<meta property=\"og:image:height\" content=\"432\" \/>\n\t<meta property=\"og:image:type\" content=\"image\/jpeg\" \/>\n<meta name=\"author\" content=\"admin\" \/>\n<meta name=\"twitter:card\" content=\"summary_large_image\" \/>\n<meta name=\"twitter:label1\" content=\"Verfasst von\" \/>\n\t<meta name=\"twitter:data1\" content=\"admin\" \/>\n\t<meta name=\"twitter:label2\" content=\"Gesch\u00e4tzte Lesezeit\" \/>\n\t<meta name=\"twitter:data2\" content=\"1\u00a0Minute\" \/>\n<script type=\"application\/ld+json\" class=\"yoast-schema-graph\">{\"@context\":\"https:\/\/schema.org\",\"@graph\":[{\"@type\":\"Article\",\"@id\":\"https:\/\/www.bekament.com\/de\/hr-direktor-von-bekament-auf-dem-4-lean-kaizen-kongress-serbien-2022\/#article\",\"isPartOf\":{\"@id\":\"https:\/\/www.bekament.com\/de\/hr-direktor-von-bekament-auf-dem-4-lean-kaizen-kongress-serbien-2022\/\"},\"author\":{\"name\":\"admin\",\"@id\":\"https:\/\/www.bekament.com\/de\/#\/schema\/person\/7d117e01a27b9a95bc635430b5928bd4\"},\"headline\":\"HR-Direktor von Bekament auf dem 4. Lean &amp; Kaizen Kongress Serbien 2022\",\"datePublished\":\"2022-10-11T10:19:00+00:00\",\"mainEntityOfPage\":{\"@id\":\"https:\/\/www.bekament.com\/de\/hr-direktor-von-bekament-auf-dem-4-lean-kaizen-kongress-serbien-2022\/\"},\"wordCount\":287,\"commentCount\":0,\"publisher\":{\"@id\":\"https:\/\/www.bekament.com\/de\/#organization\"},\"image\":{\"@id\":\"https:\/\/www.bekament.com\/de\/hr-direktor-von-bekament-auf-dem-4-lean-kaizen-kongress-serbien-2022\/#primaryimage\"},\"thumbnailUrl\":\"https:\/\/www.bekament.com\/wp-content\/uploads\/2022\/10\/1240-4lean-i-kaizen-kongres-medium-jpg.jpg\",\"articleSection\":[\"Vesti\"],\"inLanguage\":\"de\",\"potentialAction\":[{\"@type\":\"CommentAction\",\"name\":\"Comment\",\"target\":[\"https:\/\/www.bekament.com\/de\/hr-direktor-von-bekament-auf-dem-4-lean-kaizen-kongress-serbien-2022\/#respond\"]}]},{\"@type\":\"WebPage\",\"@id\":\"https:\/\/www.bekament.com\/de\/hr-direktor-von-bekament-auf-dem-4-lean-kaizen-kongress-serbien-2022\/\",\"url\":\"https:\/\/www.bekament.com\/de\/hr-direktor-von-bekament-auf-dem-4-lean-kaizen-kongress-serbien-2022\/\",\"name\":\"HR-Direktor von Bekament auf dem 4. Lean &amp; Kaizen Kongress Serbien 2022 - Bekament\",\"isPartOf\":{\"@id\":\"https:\/\/www.bekament.com\/de\/#website\"},\"primaryImageOfPage\":{\"@id\":\"https:\/\/www.bekament.com\/de\/hr-direktor-von-bekament-auf-dem-4-lean-kaizen-kongress-serbien-2022\/#primaryimage\"},\"image\":{\"@id\":\"https:\/\/www.bekament.com\/de\/hr-direktor-von-bekament-auf-dem-4-lean-kaizen-kongress-serbien-2022\/#primaryimage\"},\"thumbnailUrl\":\"https:\/\/www.bekament.com\/wp-content\/uploads\/2022\/10\/1240-4lean-i-kaizen-kongres-medium-jpg.jpg\",\"datePublished\":\"2022-10-11T10:19:00+00:00\",\"breadcrumb\":{\"@id\":\"https:\/\/www.bekament.com\/de\/hr-direktor-von-bekament-auf-dem-4-lean-kaizen-kongress-serbien-2022\/#breadcrumb\"},\"inLanguage\":\"de\",\"potentialAction\":[{\"@type\":\"ReadAction\",\"target\":[\"https:\/\/www.bekament.com\/de\/hr-direktor-von-bekament-auf-dem-4-lean-kaizen-kongress-serbien-2022\/\"]}]},{\"@type\":\"ImageObject\",\"inLanguage\":\"de\",\"@id\":\"https:\/\/www.bekament.com\/de\/hr-direktor-von-bekament-auf-dem-4-lean-kaizen-kongress-serbien-2022\/#primaryimage\",\"url\":\"https:\/\/www.bekament.com\/wp-content\/uploads\/2022\/10\/1240-4lean-i-kaizen-kongres-medium-jpg.jpg\",\"contentUrl\":\"https:\/\/www.bekament.com\/wp-content\/uploads\/2022\/10\/1240-4lean-i-kaizen-kongres-medium-jpg.jpg\",\"width\":825,\"height\":432},{\"@type\":\"BreadcrumbList\",\"@id\":\"https:\/\/www.bekament.com\/de\/hr-direktor-von-bekament-auf-dem-4-lean-kaizen-kongress-serbien-2022\/#breadcrumb\",\"itemListElement\":[{\"@type\":\"ListItem\",\"position\":1,\"name\":\"Home\",\"item\":\"https:\/\/www.bekament.com\/de\/\"},{\"@type\":\"ListItem\",\"position\":2,\"name\":\"HR-Direktor von Bekament auf dem 4. Lean &amp; Kaizen Kongress Serbien 2022\"}]},{\"@type\":\"WebSite\",\"@id\":\"https:\/\/www.bekament.com\/de\/#website\",\"url\":\"https:\/\/www.bekament.com\/de\/\",\"name\":\"Bekament\",\"description\":\"\",\"publisher\":{\"@id\":\"https:\/\/www.bekament.com\/de\/#organization\"},\"potentialAction\":[{\"@type\":\"SearchAction\",\"target\":{\"@type\":\"EntryPoint\",\"urlTemplate\":\"https:\/\/www.bekament.com\/de\/?s={search_term_string}\"},\"query-input\":{\"@type\":\"PropertyValueSpecification\",\"valueRequired\":true,\"valueName\":\"search_term_string\"}}],\"inLanguage\":\"de\"},{\"@type\":\"Organization\",\"@id\":\"https:\/\/www.bekament.com\/de\/#organization\",\"name\":\"Bekament\",\"url\":\"https:\/\/www.bekament.com\/de\/\",\"logo\":{\"@type\":\"ImageObject\",\"inLanguage\":\"de\",\"@id\":\"https:\/\/www.bekament.com\/de\/#\/schema\/logo\/image\/\",\"url\":\"https:\/\/www.bekament.com\/wp-content\/uploads\/2024\/06\/bekament-logo-full.png\",\"contentUrl\":\"https:\/\/www.bekament.com\/wp-content\/uploads\/2024\/06\/bekament-logo-full.png\",\"width\":321,\"height\":53,\"caption\":\"Bekament\"},\"image\":{\"@id\":\"https:\/\/www.bekament.com\/de\/#\/schema\/logo\/image\/\"},\"sameAs\":[\"https:\/\/www.facebook.com\/Bekament\/\",\"https:\/\/www.linkedin.com\/company\/bekament\/?originalSubdomain=rs\",\"https:\/\/www.instagram.com\/bekamentsrb\",\"https:\/\/www.youtube.com\/channel\/UC-pSPBUIrN_FO3OwAN200Jw\"]},{\"@type\":\"Person\",\"@id\":\"https:\/\/www.bekament.com\/de\/#\/schema\/person\/7d117e01a27b9a95bc635430b5928bd4\",\"name\":\"admin\",\"image\":{\"@type\":\"ImageObject\",\"inLanguage\":\"de\",\"@id\":\"https:\/\/www.bekament.com\/de\/#\/schema\/person\/image\/\",\"url\":\"https:\/\/www.bekament.com\/wp-content\/litespeed\/avatar\/efdccd4af1c95c7b91d0ecae2aac20d3.jpg?ver=1777209586\",\"contentUrl\":\"https:\/\/www.bekament.com\/wp-content\/litespeed\/avatar\/efdccd4af1c95c7b91d0ecae2aac20d3.jpg?ver=1777209586\",\"caption\":\"admin\"},\"sameAs\":[\"https:\/\/bekament.com\"],\"url\":\"https:\/\/www.bekament.com\/de\/author\/bekament\/\"}]}<\/script>\n<!-- \/ Yoast SEO plugin. -->","yoast_head_json":{"title":"HR-Direktor von Bekament auf dem 4. Lean &amp; Kaizen Kongress Serbien 2022 - Bekament","robots":{"index":"index","follow":"follow","max-snippet":"max-snippet:-1","max-image-preview":"max-image-preview:large","max-video-preview":"max-video-preview:-1"},"canonical":"https:\/\/www.bekament.com\/de\/hr-direktor-von-bekament-auf-dem-4-lean-kaizen-kongress-serbien-2022\/","og_locale":"de_DE","og_type":"article","og_title":"HR-Direktor von Bekament auf dem 4. Lean &amp; Kaizen Kongress Serbien 2022 - Bekament","og_description":"Der 4. Lean- und Kaizen-Kongress mit dem Titel \u201eNutze die Chance und verwandle dich in ein Lean-Unternehmen\u201d fand vom 3. bis 4. Oktober im Crowne Plaza Hotel in Belgrad statt.","og_url":"https:\/\/www.bekament.com\/de\/hr-direktor-von-bekament-auf-dem-4-lean-kaizen-kongress-serbien-2022\/","og_site_name":"Bekament","article_publisher":"https:\/\/www.facebook.com\/Bekament\/","article_published_time":"2022-10-11T10:19:00+00:00","og_image":[{"width":825,"height":432,"url":"https:\/\/www.bekament.com\/wp-content\/uploads\/2022\/10\/1240-4lean-i-kaizen-kongres-medium-jpg.jpg","type":"image\/jpeg"}],"author":"admin","twitter_card":"summary_large_image","twitter_misc":{"Verfasst von":"admin","Gesch\u00e4tzte Lesezeit":"1\u00a0Minute"},"schema":{"@context":"https:\/\/schema.org","@graph":[{"@type":"Article","@id":"https:\/\/www.bekament.com\/de\/hr-direktor-von-bekament-auf-dem-4-lean-kaizen-kongress-serbien-2022\/#article","isPartOf":{"@id":"https:\/\/www.bekament.com\/de\/hr-direktor-von-bekament-auf-dem-4-lean-kaizen-kongress-serbien-2022\/"},"author":{"name":"admin","@id":"https:\/\/www.bekament.com\/de\/#\/schema\/person\/7d117e01a27b9a95bc635430b5928bd4"},"headline":"HR-Direktor von Bekament auf dem 4. Lean &amp; Kaizen Kongress Serbien 2022","datePublished":"2022-10-11T10:19:00+00:00","mainEntityOfPage":{"@id":"https:\/\/www.bekament.com\/de\/hr-direktor-von-bekament-auf-dem-4-lean-kaizen-kongress-serbien-2022\/"},"wordCount":287,"commentCount":0,"publisher":{"@id":"https:\/\/www.bekament.com\/de\/#organization"},"image":{"@id":"https:\/\/www.bekament.com\/de\/hr-direktor-von-bekament-auf-dem-4-lean-kaizen-kongress-serbien-2022\/#primaryimage"},"thumbnailUrl":"https:\/\/www.bekament.com\/wp-content\/uploads\/2022\/10\/1240-4lean-i-kaizen-kongres-medium-jpg.jpg","articleSection":["Vesti"],"inLanguage":"de","potentialAction":[{"@type":"CommentAction","name":"Comment","target":["https:\/\/www.bekament.com\/de\/hr-direktor-von-bekament-auf-dem-4-lean-kaizen-kongress-serbien-2022\/#respond"]}]},{"@type":"WebPage","@id":"https:\/\/www.bekament.com\/de\/hr-direktor-von-bekament-auf-dem-4-lean-kaizen-kongress-serbien-2022\/","url":"https:\/\/www.bekament.com\/de\/hr-direktor-von-bekament-auf-dem-4-lean-kaizen-kongress-serbien-2022\/","name":"HR-Direktor von Bekament auf dem 4. Lean &amp; Kaizen Kongress Serbien 2022 - Bekament","isPartOf":{"@id":"https:\/\/www.bekament.com\/de\/#website"},"primaryImageOfPage":{"@id":"https:\/\/www.bekament.com\/de\/hr-direktor-von-bekament-auf-dem-4-lean-kaizen-kongress-serbien-2022\/#primaryimage"},"image":{"@id":"https:\/\/www.bekament.com\/de\/hr-direktor-von-bekament-auf-dem-4-lean-kaizen-kongress-serbien-2022\/#primaryimage"},"thumbnailUrl":"https:\/\/www.bekament.com\/wp-content\/uploads\/2022\/10\/1240-4lean-i-kaizen-kongres-medium-jpg.jpg","datePublished":"2022-10-11T10:19:00+00:00","breadcrumb":{"@id":"https:\/\/www.bekament.com\/de\/hr-direktor-von-bekament-auf-dem-4-lean-kaizen-kongress-serbien-2022\/#breadcrumb"},"inLanguage":"de","potentialAction":[{"@type":"ReadAction","target":["https:\/\/www.bekament.com\/de\/hr-direktor-von-bekament-auf-dem-4-lean-kaizen-kongress-serbien-2022\/"]}]},{"@type":"ImageObject","inLanguage":"de","@id":"https:\/\/www.bekament.com\/de\/hr-direktor-von-bekament-auf-dem-4-lean-kaizen-kongress-serbien-2022\/#primaryimage","url":"https:\/\/www.bekament.com\/wp-content\/uploads\/2022\/10\/1240-4lean-i-kaizen-kongres-medium-jpg.jpg","contentUrl":"https:\/\/www.bekament.com\/wp-content\/uploads\/2022\/10\/1240-4lean-i-kaizen-kongres-medium-jpg.jpg","width":825,"height":432},{"@type":"BreadcrumbList","@id":"https:\/\/www.bekament.com\/de\/hr-direktor-von-bekament-auf-dem-4-lean-kaizen-kongress-serbien-2022\/#breadcrumb","itemListElement":[{"@type":"ListItem","position":1,"name":"Home","item":"https:\/\/www.bekament.com\/de\/"},{"@type":"ListItem","position":2,"name":"HR-Direktor von Bekament auf dem 4. Lean &amp; Kaizen Kongress Serbien 2022"}]},{"@type":"WebSite","@id":"https:\/\/www.bekament.com\/de\/#website","url":"https:\/\/www.bekament.com\/de\/","name":"Bekament","description":"","publisher":{"@id":"https:\/\/www.bekament.com\/de\/#organization"},"potentialAction":[{"@type":"SearchAction","target":{"@type":"EntryPoint","urlTemplate":"https:\/\/www.bekament.com\/de\/?s={search_term_string}"},"query-input":{"@type":"PropertyValueSpecification","valueRequired":true,"valueName":"search_term_string"}}],"inLanguage":"de"},{"@type":"Organization","@id":"https:\/\/www.bekament.com\/de\/#organization","name":"Bekament","url":"https:\/\/www.bekament.com\/de\/","logo":{"@type":"ImageObject","inLanguage":"de","@id":"https:\/\/www.bekament.com\/de\/#\/schema\/logo\/image\/","url":"https:\/\/www.bekament.com\/wp-content\/uploads\/2024\/06\/bekament-logo-full.png","contentUrl":"https:\/\/www.bekament.com\/wp-content\/uploads\/2024\/06\/bekament-logo-full.png","width":321,"height":53,"caption":"Bekament"},"image":{"@id":"https:\/\/www.bekament.com\/de\/#\/schema\/logo\/image\/"},"sameAs":["https:\/\/www.facebook.com\/Bekament\/","https:\/\/www.linkedin.com\/company\/bekament\/?originalSubdomain=rs","https:\/\/www.instagram.com\/bekamentsrb","https:\/\/www.youtube.com\/channel\/UC-pSPBUIrN_FO3OwAN200Jw"]},{"@type":"Person","@id":"https:\/\/www.bekament.com\/de\/#\/schema\/person\/7d117e01a27b9a95bc635430b5928bd4","name":"admin","image":{"@type":"ImageObject","inLanguage":"de","@id":"https:\/\/www.bekament.com\/de\/#\/schema\/person\/image\/","url":"https:\/\/www.bekament.com\/wp-content\/litespeed\/avatar\/efdccd4af1c95c7b91d0ecae2aac20d3.jpg?ver=1777209586","contentUrl":"https:\/\/www.bekament.com\/wp-content\/litespeed\/avatar\/efdccd4af1c95c7b91d0ecae2aac20d3.jpg?ver=1777209586","caption":"admin"},"sameAs":["https:\/\/bekament.com"],"url":"https:\/\/www.bekament.com\/de\/author\/bekament\/"}]}},"_links":{"self":[{"href":"https:\/\/www.bekament.com\/de\/wp-json\/wp\/v2\/posts\/17488","targetHints":{"allow":["GET"]}}],"collection":[{"href":"https:\/\/www.bekament.com\/de\/wp-json\/wp\/v2\/posts"}],"about":[{"href":"https:\/\/www.bekament.com\/de\/wp-json\/wp\/v2\/types\/post"}],"author":[{"embeddable":true,"href":"https:\/\/www.bekament.com\/de\/wp-json\/wp\/v2\/users\/1"}],"replies":[{"embeddable":true,"href":"https:\/\/www.bekament.com\/de\/wp-json\/wp\/v2\/comments?post=17488"}],"version-history":[{"count":0,"href":"https:\/\/www.bekament.com\/de\/wp-json\/wp\/v2\/posts\/17488\/revisions"}],"wp:featuredmedia":[{"embeddable":true,"href":"https:\/\/www.bekament.com\/de\/wp-json\/wp\/v2\/media\/17489"}],"wp:attachment":[{"href":"https:\/\/www.bekament.com\/de\/wp-json\/wp\/v2\/media?parent=17488"}],"wp:term":[{"taxonomy":"category","embeddable":true,"href":"https:\/\/www.bekament.com\/de\/wp-json\/wp\/v2\/categories?post=17488"},{"taxonomy":"post_tag","embeddable":true,"href":"https:\/\/www.bekament.com\/de\/wp-json\/wp\/v2\/tags?post=17488"}],"curies":[{"name":"wp","href":"https:\/\/api.w.org\/{rel}","templated":true}]}}