{"id":17338,"date":"2024-08-16T00:37:35","date_gmt":"2024-08-15T22:37:35","guid":{"rendered":"https:\/\/bekament.com\/reconstruction-of-the-general-hospital-in-arandelovac\/"},"modified":"2024-08-16T00:37:35","modified_gmt":"2024-08-15T22:37:35","slug":"reconstruction-of-the-general-hospital-in-arandelovac","status":"publish","type":"post","link":"https:\/\/www.bekament.com\/en\/reconstruction-of-the-general-hospital-in-arandelovac\/","title":{"rendered":"Reconstruction of the General Hospital in Aran\u0111elovac"},"content":{"rendered":"<h4 class=\"h1\">RECONSTRUCTION OF THE GENERAL HOSPITAL IN ARAN\u0110ELOVAC<\/h4>\n<p>Due to the extremely poor treatment conditions in the General Hospital of Aran\u0111elovac, the company Bekament initiated the expansion of the hospital\u2019s outpatient section, which includes a resuscitation department, specialist outpatient clinics, and an area for receiving vehicles with patients, as well as the reconstruction of part of the ground floor and expansion of the reception areas for the polyclinic outpatient and diagnostic section. The company invested financial and material resources and further organized a Foundation that continued to oversee the hospital reconstruction in cooperation with the Ministry of Health, local government, and businesspeople of Aran\u0111elovac. Additionally, operators in Serbia, at the Foundation's request, provided a humanitarian SMS number, allowing interested citizens to donate funds to help raise money for the hospital's rehabilitation. All undertaken and implemented activities have contributed to improving the social and healthcare services for citizens and ensuring better working conditions in healthcare facilities. <\/p>\n<p><img loading=\"lazy\" decoding=\"async\" class=\"alignnone wp-image-5389 size-full\" src=\"https:\/\/www.bekament.com\/wp-content\/uploads\/2024\/08\/srce.jpg\" alt=\"\" width=\"184\" height=\"176\"><\/p>\n","protected":false},"excerpt":{"rendered":"<p>RECONSTRUCTION OF THE GENERAL HOSPITAL IN ARAN\u0110ELOVAC Due to the extremely poor treatment conditions in the General Hospital of Aran\u0111elovac, the company Bekament initiated the expansion of the hospital\u2019s outpatient section, which includes a resuscitation department, specialist outpatient clinics, and an area for receiving vehicles with patients, as well as the reconstruction of part of [&hellip;]<\/p>\n","protected":false},"author":2,"featured_media":5392,"comment_status":"open","ping_status":"open","sticky":false,"template":"","format":"standard","meta":{"_acf_changed":false,"inline_featured_image":false,"footnotes":""},"categories":[95],"tags":[],"class_list":["post-17338","post","type-post","status-publish","format-standard","has-post-thumbnail","hentry","category-projects"],"acf":[],"yoast_head":"<!-- This site is optimized with the Yoast SEO plugin v27.1.1 - https:\/\/yoast.com\/product\/yoast-seo-wordpress\/ -->\n<title>Reconstruction of the General Hospital in Aran\u0111elovac - Bekament<\/title>\n<meta name=\"robots\" content=\"index, follow, max-snippet:-1, max-image-preview:large, max-video-preview:-1\" \/>\n<link rel=\"canonical\" href=\"https:\/\/www.bekament.com\/en\/reconstruction-of-the-general-hospital-in-arandelovac\/\" \/>\n<meta property=\"og:locale\" content=\"en_US\" \/>\n<meta property=\"og:type\" content=\"article\" \/>\n<meta property=\"og:title\" content=\"Reconstruction of the General Hospital in Aran\u0111elovac - Bekament\" \/>\n<meta property=\"og:description\" content=\"RECONSTRUCTION OF THE GENERAL HOSPITAL IN ARAN\u0110ELOVAC Due to the extremely poor treatment conditions in the General Hospital of Aran\u0111elovac, the company Bekament initiated the expansion of the hospital\u2019s outpatient section, which includes a resuscitation department, specialist outpatient clinics, and an area for receiving vehicles with patients, as well as the reconstruction of part of [&hellip;]\" \/>\n<meta property=\"og:url\" content=\"https:\/\/www.bekament.com\/en\/reconstruction-of-the-general-hospital-in-arandelovac\/\" \/>\n<meta property=\"og:site_name\" content=\"Bekament\" \/>\n<meta property=\"article:publisher\" content=\"https:\/\/www.facebook.com\/Bekament\/\" \/>\n<meta property=\"article:published_time\" content=\"2024-08-15T22:37:35+00:00\" \/>\n<meta property=\"og:image\" content=\"https:\/\/www.bekament.com\/wp-content\/uploads\/2024\/08\/68-bolnica-slider_jpg.png\" \/>\n\t<meta property=\"og:image:width\" content=\"420\" \/>\n\t<meta property=\"og:image:height\" content=\"280\" \/>\n\t<meta property=\"og:image:type\" content=\"image\/png\" \/>\n<meta name=\"author\" content=\"milja\" \/>\n<meta name=\"twitter:card\" content=\"summary_large_image\" \/>\n<meta name=\"twitter:label1\" content=\"Written by\" \/>\n\t<meta name=\"twitter:data1\" content=\"milja\" \/>\n\t<meta name=\"twitter:label2\" content=\"Est. reading time\" \/>\n\t<meta name=\"twitter:data2\" content=\"1 minute\" \/>\n<script type=\"application\/ld+json\" class=\"yoast-schema-graph\">{\"@context\":\"https:\/\/schema.org\",\"@graph\":[{\"@type\":\"Article\",\"@id\":\"https:\/\/www.bekament.com\/en\/reconstruction-of-the-general-hospital-in-arandelovac\/#article\",\"isPartOf\":{\"@id\":\"https:\/\/www.bekament.com\/en\/reconstruction-of-the-general-hospital-in-arandelovac\/\"},\"author\":{\"name\":\"milja\",\"@id\":\"https:\/\/www.bekament.com\/en\/#\/schema\/person\/756c5979a0d9026a63472b014b0a26bf\"},\"headline\":\"Reconstruction of the General Hospital in Aran\u0111elovac\",\"datePublished\":\"2024-08-15T22:37:35+00:00\",\"mainEntityOfPage\":{\"@id\":\"https:\/\/www.bekament.com\/en\/reconstruction-of-the-general-hospital-in-arandelovac\/\"},\"wordCount\":168,\"commentCount\":0,\"publisher\":{\"@id\":\"https:\/\/www.bekament.com\/en\/#organization\"},\"image\":{\"@id\":\"https:\/\/www.bekament.com\/en\/reconstruction-of-the-general-hospital-in-arandelovac\/#primaryimage\"},\"thumbnailUrl\":\"https:\/\/www.bekament.com\/wp-content\/uploads\/2024\/08\/68-bolnica-slider_jpg.png\",\"articleSection\":[\"Projects\"],\"inLanguage\":\"en-US\",\"potentialAction\":[{\"@type\":\"CommentAction\",\"name\":\"Comment\",\"target\":[\"https:\/\/www.bekament.com\/en\/reconstruction-of-the-general-hospital-in-arandelovac\/#respond\"]}]},{\"@type\":\"WebPage\",\"@id\":\"https:\/\/www.bekament.com\/en\/reconstruction-of-the-general-hospital-in-arandelovac\/\",\"url\":\"https:\/\/www.bekament.com\/en\/reconstruction-of-the-general-hospital-in-arandelovac\/\",\"name\":\"Reconstruction of the General Hospital in Aran\u0111elovac - Bekament\",\"isPartOf\":{\"@id\":\"https:\/\/www.bekament.com\/en\/#website\"},\"primaryImageOfPage\":{\"@id\":\"https:\/\/www.bekament.com\/en\/reconstruction-of-the-general-hospital-in-arandelovac\/#primaryimage\"},\"image\":{\"@id\":\"https:\/\/www.bekament.com\/en\/reconstruction-of-the-general-hospital-in-arandelovac\/#primaryimage\"},\"thumbnailUrl\":\"https:\/\/www.bekament.com\/wp-content\/uploads\/2024\/08\/68-bolnica-slider_jpg.png\",\"datePublished\":\"2024-08-15T22:37:35+00:00\",\"breadcrumb\":{\"@id\":\"https:\/\/www.bekament.com\/en\/reconstruction-of-the-general-hospital-in-arandelovac\/#breadcrumb\"},\"inLanguage\":\"en-US\",\"potentialAction\":[{\"@type\":\"ReadAction\",\"target\":[\"https:\/\/www.bekament.com\/en\/reconstruction-of-the-general-hospital-in-arandelovac\/\"]}]},{\"@type\":\"ImageObject\",\"inLanguage\":\"en-US\",\"@id\":\"https:\/\/www.bekament.com\/en\/reconstruction-of-the-general-hospital-in-arandelovac\/#primaryimage\",\"url\":\"https:\/\/www.bekament.com\/wp-content\/uploads\/2024\/08\/68-bolnica-slider_jpg.png\",\"contentUrl\":\"https:\/\/www.bekament.com\/wp-content\/uploads\/2024\/08\/68-bolnica-slider_jpg.png\",\"width\":420,\"height\":280},{\"@type\":\"BreadcrumbList\",\"@id\":\"https:\/\/www.bekament.com\/en\/reconstruction-of-the-general-hospital-in-arandelovac\/#breadcrumb\",\"itemListElement\":[{\"@type\":\"ListItem\",\"position\":1,\"name\":\"Home\",\"item\":\"https:\/\/www.bekament.com\/en\/\"},{\"@type\":\"ListItem\",\"position\":2,\"name\":\"Reconstruction of the General Hospital in Aran\u0111elovac\"}]},{\"@type\":\"WebSite\",\"@id\":\"https:\/\/www.bekament.com\/en\/#website\",\"url\":\"https:\/\/www.bekament.com\/en\/\",\"name\":\"Bekament\",\"description\":\"\",\"publisher\":{\"@id\":\"https:\/\/www.bekament.com\/en\/#organization\"},\"potentialAction\":[{\"@type\":\"SearchAction\",\"target\":{\"@type\":\"EntryPoint\",\"urlTemplate\":\"https:\/\/www.bekament.com\/en\/?s={search_term_string}\"},\"query-input\":{\"@type\":\"PropertyValueSpecification\",\"valueRequired\":true,\"valueName\":\"search_term_string\"}}],\"inLanguage\":\"en-US\"},{\"@type\":\"Organization\",\"@id\":\"https:\/\/www.bekament.com\/en\/#organization\",\"name\":\"Bekament\",\"url\":\"https:\/\/www.bekament.com\/en\/\",\"logo\":{\"@type\":\"ImageObject\",\"inLanguage\":\"en-US\",\"@id\":\"https:\/\/www.bekament.com\/en\/#\/schema\/logo\/image\/\",\"url\":\"https:\/\/www.bekament.com\/wp-content\/uploads\/2024\/06\/bekament-logo-full.png\",\"contentUrl\":\"https:\/\/www.bekament.com\/wp-content\/uploads\/2024\/06\/bekament-logo-full.png\",\"width\":321,\"height\":53,\"caption\":\"Bekament\"},\"image\":{\"@id\":\"https:\/\/www.bekament.com\/en\/#\/schema\/logo\/image\/\"},\"sameAs\":[\"https:\/\/www.facebook.com\/Bekament\/\",\"https:\/\/www.linkedin.com\/company\/bekament\/?originalSubdomain=rs\",\"https:\/\/www.instagram.com\/bekamentsrb\",\"https:\/\/www.youtube.com\/channel\/UC-pSPBUIrN_FO3OwAN200Jw\"]},{\"@type\":\"Person\",\"@id\":\"https:\/\/www.bekament.com\/en\/#\/schema\/person\/756c5979a0d9026a63472b014b0a26bf\",\"name\":\"milja\",\"image\":{\"@type\":\"ImageObject\",\"inLanguage\":\"en-US\",\"@id\":\"https:\/\/www.bekament.com\/en\/#\/schema\/person\/image\/\",\"url\":\"https:\/\/www.bekament.com\/wp-content\/litespeed\/avatar\/19d6085e4494ea5ebbc7bd65cf770a77.jpg?ver=1777418216\",\"contentUrl\":\"https:\/\/www.bekament.com\/wp-content\/litespeed\/avatar\/19d6085e4494ea5ebbc7bd65cf770a77.jpg?ver=1777418216\",\"caption\":\"milja\"},\"url\":\"https:\/\/www.bekament.com\/en\/author\/milja\/\"}]}<\/script>\n<!-- \/ Yoast SEO plugin. -->","yoast_head_json":{"title":"Reconstruction of the General Hospital in Aran\u0111elovac - Bekament","robots":{"index":"index","follow":"follow","max-snippet":"max-snippet:-1","max-image-preview":"max-image-preview:large","max-video-preview":"max-video-preview:-1"},"canonical":"https:\/\/www.bekament.com\/en\/reconstruction-of-the-general-hospital-in-arandelovac\/","og_locale":"en_US","og_type":"article","og_title":"Reconstruction of the General Hospital in Aran\u0111elovac - Bekament","og_description":"RECONSTRUCTION OF THE GENERAL HOSPITAL IN ARAN\u0110ELOVAC Due to the extremely poor treatment conditions in the General Hospital of Aran\u0111elovac, the company Bekament initiated the expansion of the hospital\u2019s outpatient section, which includes a resuscitation department, specialist outpatient clinics, and an area for receiving vehicles with patients, as well as the reconstruction of part of [&hellip;]","og_url":"https:\/\/www.bekament.com\/en\/reconstruction-of-the-general-hospital-in-arandelovac\/","og_site_name":"Bekament","article_publisher":"https:\/\/www.facebook.com\/Bekament\/","article_published_time":"2024-08-15T22:37:35+00:00","og_image":[{"width":420,"height":280,"url":"https:\/\/www.bekament.com\/wp-content\/uploads\/2024\/08\/68-bolnica-slider_jpg.png","type":"image\/png"}],"author":"milja","twitter_card":"summary_large_image","twitter_misc":{"Written by":"milja","Est. reading time":"1 minute"},"schema":{"@context":"https:\/\/schema.org","@graph":[{"@type":"Article","@id":"https:\/\/www.bekament.com\/en\/reconstruction-of-the-general-hospital-in-arandelovac\/#article","isPartOf":{"@id":"https:\/\/www.bekament.com\/en\/reconstruction-of-the-general-hospital-in-arandelovac\/"},"author":{"name":"milja","@id":"https:\/\/www.bekament.com\/en\/#\/schema\/person\/756c5979a0d9026a63472b014b0a26bf"},"headline":"Reconstruction of the General Hospital in Aran\u0111elovac","datePublished":"2024-08-15T22:37:35+00:00","mainEntityOfPage":{"@id":"https:\/\/www.bekament.com\/en\/reconstruction-of-the-general-hospital-in-arandelovac\/"},"wordCount":168,"commentCount":0,"publisher":{"@id":"https:\/\/www.bekament.com\/en\/#organization"},"image":{"@id":"https:\/\/www.bekament.com\/en\/reconstruction-of-the-general-hospital-in-arandelovac\/#primaryimage"},"thumbnailUrl":"https:\/\/www.bekament.com\/wp-content\/uploads\/2024\/08\/68-bolnica-slider_jpg.png","articleSection":["Projects"],"inLanguage":"en-US","potentialAction":[{"@type":"CommentAction","name":"Comment","target":["https:\/\/www.bekament.com\/en\/reconstruction-of-the-general-hospital-in-arandelovac\/#respond"]}]},{"@type":"WebPage","@id":"https:\/\/www.bekament.com\/en\/reconstruction-of-the-general-hospital-in-arandelovac\/","url":"https:\/\/www.bekament.com\/en\/reconstruction-of-the-general-hospital-in-arandelovac\/","name":"Reconstruction of the General Hospital in Aran\u0111elovac - Bekament","isPartOf":{"@id":"https:\/\/www.bekament.com\/en\/#website"},"primaryImageOfPage":{"@id":"https:\/\/www.bekament.com\/en\/reconstruction-of-the-general-hospital-in-arandelovac\/#primaryimage"},"image":{"@id":"https:\/\/www.bekament.com\/en\/reconstruction-of-the-general-hospital-in-arandelovac\/#primaryimage"},"thumbnailUrl":"https:\/\/www.bekament.com\/wp-content\/uploads\/2024\/08\/68-bolnica-slider_jpg.png","datePublished":"2024-08-15T22:37:35+00:00","breadcrumb":{"@id":"https:\/\/www.bekament.com\/en\/reconstruction-of-the-general-hospital-in-arandelovac\/#breadcrumb"},"inLanguage":"en-US","potentialAction":[{"@type":"ReadAction","target":["https:\/\/www.bekament.com\/en\/reconstruction-of-the-general-hospital-in-arandelovac\/"]}]},{"@type":"ImageObject","inLanguage":"en-US","@id":"https:\/\/www.bekament.com\/en\/reconstruction-of-the-general-hospital-in-arandelovac\/#primaryimage","url":"https:\/\/www.bekament.com\/wp-content\/uploads\/2024\/08\/68-bolnica-slider_jpg.png","contentUrl":"https:\/\/www.bekament.com\/wp-content\/uploads\/2024\/08\/68-bolnica-slider_jpg.png","width":420,"height":280},{"@type":"BreadcrumbList","@id":"https:\/\/www.bekament.com\/en\/reconstruction-of-the-general-hospital-in-arandelovac\/#breadcrumb","itemListElement":[{"@type":"ListItem","position":1,"name":"Home","item":"https:\/\/www.bekament.com\/en\/"},{"@type":"ListItem","position":2,"name":"Reconstruction of the General Hospital in Aran\u0111elovac"}]},{"@type":"WebSite","@id":"https:\/\/www.bekament.com\/en\/#website","url":"https:\/\/www.bekament.com\/en\/","name":"Bekament","description":"","publisher":{"@id":"https:\/\/www.bekament.com\/en\/#organization"},"potentialAction":[{"@type":"SearchAction","target":{"@type":"EntryPoint","urlTemplate":"https:\/\/www.bekament.com\/en\/?s={search_term_string}"},"query-input":{"@type":"PropertyValueSpecification","valueRequired":true,"valueName":"search_term_string"}}],"inLanguage":"en-US"},{"@type":"Organization","@id":"https:\/\/www.bekament.com\/en\/#organization","name":"Bekament","url":"https:\/\/www.bekament.com\/en\/","logo":{"@type":"ImageObject","inLanguage":"en-US","@id":"https:\/\/www.bekament.com\/en\/#\/schema\/logo\/image\/","url":"https:\/\/www.bekament.com\/wp-content\/uploads\/2024\/06\/bekament-logo-full.png","contentUrl":"https:\/\/www.bekament.com\/wp-content\/uploads\/2024\/06\/bekament-logo-full.png","width":321,"height":53,"caption":"Bekament"},"image":{"@id":"https:\/\/www.bekament.com\/en\/#\/schema\/logo\/image\/"},"sameAs":["https:\/\/www.facebook.com\/Bekament\/","https:\/\/www.linkedin.com\/company\/bekament\/?originalSubdomain=rs","https:\/\/www.instagram.com\/bekamentsrb","https:\/\/www.youtube.com\/channel\/UC-pSPBUIrN_FO3OwAN200Jw"]},{"@type":"Person","@id":"https:\/\/www.bekament.com\/en\/#\/schema\/person\/756c5979a0d9026a63472b014b0a26bf","name":"milja","image":{"@type":"ImageObject","inLanguage":"en-US","@id":"https:\/\/www.bekament.com\/en\/#\/schema\/person\/image\/","url":"https:\/\/www.bekament.com\/wp-content\/litespeed\/avatar\/19d6085e4494ea5ebbc7bd65cf770a77.jpg?ver=1777418216","contentUrl":"https:\/\/www.bekament.com\/wp-content\/litespeed\/avatar\/19d6085e4494ea5ebbc7bd65cf770a77.jpg?ver=1777418216","caption":"milja"},"url":"https:\/\/www.bekament.com\/en\/author\/milja\/"}]}},"_links":{"self":[{"href":"https:\/\/www.bekament.com\/en\/wp-json\/wp\/v2\/posts\/17338","targetHints":{"allow":["GET"]}}],"collection":[{"href":"https:\/\/www.bekament.com\/en\/wp-json\/wp\/v2\/posts"}],"about":[{"href":"https:\/\/www.bekament.com\/en\/wp-json\/wp\/v2\/types\/post"}],"author":[{"embeddable":true,"href":"https:\/\/www.bekament.com\/en\/wp-json\/wp\/v2\/users\/2"}],"replies":[{"embeddable":true,"href":"https:\/\/www.bekament.com\/en\/wp-json\/wp\/v2\/comments?post=17338"}],"version-history":[{"count":0,"href":"https:\/\/www.bekament.com\/en\/wp-json\/wp\/v2\/posts\/17338\/revisions"}],"wp:featuredmedia":[{"embeddable":true,"href":"https:\/\/www.bekament.com\/en\/wp-json\/wp\/v2\/media\/5392"}],"wp:attachment":[{"href":"https:\/\/www.bekament.com\/en\/wp-json\/wp\/v2\/media?parent=17338"}],"wp:term":[{"taxonomy":"category","embeddable":true,"href":"https:\/\/www.bekament.com\/en\/wp-json\/wp\/v2\/categories?post=17338"},{"taxonomy":"post_tag","embeddable":true,"href":"https:\/\/www.bekament.com\/en\/wp-json\/wp\/v2\/tags?post=17338"}],"curies":[{"name":"wp","href":"https:\/\/api.w.org\/{rel}","templated":true}]}}