{"id":11579,"date":"2023-09-05T15:04:00","date_gmt":"2023-09-05T13:04:00","guid":{"rendered":"https:\/\/bekament.com\/intervista-a-vladimir-jaksic-direttore-commerciale-dellazienda-bekament-per-la-rivista-ton\/"},"modified":"2024-10-15T19:17:58","modified_gmt":"2024-10-15T17:17:58","slug":"intervista-a-vladimir-jaksic-direttore-commerciale-dellazienda-bekament-per-la-rivista-ton","status":"publish","type":"post","link":"https:\/\/www.bekament.com\/it\/intervista-a-vladimir-jaksic-direttore-commerciale-dellazienda-bekament-per-la-rivista-ton\/","title":{"rendered":"Intervista a Vladimir Jak\u0161i\u0107, direttore commerciale dell'azienda Bekament, per la rivista Ton."},"content":{"rendered":"<p><img loading=\"lazy\" decoding=\"async\" class=\"alignnone wp-image-2344 size-full\" src=\"https:\/\/www.bekament.com\/wp-content\/uploads\/2023\/09\/1369-vladimr-jaksic-medium-jpg.jpg\" alt=\"\" width=\"825\" height=\"432\" srcset=\"https:\/\/www.bekament.com\/wp-content\/uploads\/2023\/09\/1369-vladimr-jaksic-medium-jpg.jpg 825w, https:\/\/www.bekament.com\/wp-content\/uploads\/2023\/09\/1369-vladimr-jaksic-medium-jpg-300x157.jpg 300w, https:\/\/www.bekament.com\/wp-content\/uploads\/2023\/09\/1369-vladimr-jaksic-medium-jpg-768x402.jpg 768w\" sizes=\"auto, (max-width: 825px) 100vw, 825px\" \/><\/p>\n<p><strong>Da oltre un decennio costruisce la sua carriera nel settore edile \u2013 da direttore della distribuzione alla posizione di Direttore commerciale, che ricopre in Bekament da meno di un anno. Qual \u00e8 la sua riflessione su questo periodo di sviluppo professionale? <\/strong> \u2013 In tutta sincerit\u00e0, ho avuto molta fortuna in questi ultimi dieci anni. Nei primi anni (2011\u20132015) ho letteralmente imparato tutto sul settore edile, e poi, con l'onda del boom edilizio (2016\u20132021), mi sono trovato al posto giusto nel momento giusto. SIKA Serbia ha segnato la mia carriera nel periodo 2012\u20132021, e tutto si \u00e8 completato con un anno di esperienza in SIKA USA (2021\u20132022). Ora sono in Bekament, un'azienda locale forte, con molte persone di qualit\u00e0 e una politica aziendale ambiziosa. \u00c8 un ambiente in cui mi piace lavorare. Credo di essere di nuovo nel posto giusto.      <strong>Quanto \u00e8 cambiato il settore edile nel nostro paese durante quel periodo?<\/strong> \u2013 Credo di aver gi\u00e0 risposto \u2013 una fase tra stagnazione e una leggera crescita nel periodo 2012\u20132015, seguita poi da una crescita che nessuno si aspettava n\u00e9 poteva prevedere (2016\u20132021). I produttori di materiali da costruzione, i commercianti, gli appaltatori\u2026 tutti hanno moltiplicato il loro business di tre o quattro volte negli ultimi sei-sette anni. Il settore edile si \u00e8 espanso e sviluppato in tutte le direzioni \u2013 dall'infrastruttura alla costruzione residenziale, fino alle case private. Nuovi materiali, costruzioni di altissima qualit\u00e0, miglioramenti drastici sia dal punto di vista funzionale che estetico.    <strong>Avete lavorato per un anno negli Stati Uniti. Si possono davvero confrontare le esperienze lavorative in America e in Serbia? Cosa considererebbe prezioso per lei da quell'esperienza e quante delle nuove conoscenze e competenze \u00e8 riuscito ad applicare nel suo lavoro qui?  <\/strong> \u2013 L'America \u00e8 davvero un'esperienza preziosa per me. All'inizio ci si spaventa un po'. Ti manca il fiato davanti a tutte quelle miliardi di cifre, rimani sbalordito dai milioni di metri quadrati nei grandi progetti e dalle enormi catene commerciali come HOME DEPOT (circa 2.300 centri fai-da-te), ti ritrovi coinvolto in piani d'affari che valgono centinaia di milioni di dollari, mentre fino a ieri le cifre erano incomparabilmente pi\u00f9 piccole. Tuttavia, il business segue comunque delle regole universali; il commercio \u00e8 semplice se lo affronti in questo modo, e capisci molto presto che, sia in Serbia che in America, ti relazioni con le persone, non con miliardi di dollari. E questo \u00e8 davvero il punto di svolta: ti affidi alla tua intelligenza, esperienza e conoscenza, e ti butti in questa partita sul \"terreno ospite\". Gli americani sono indubbiamente orientati agli obiettivi, concentrati sul raggiungimento dei risultati, misurano sempre ci\u00f2 che \u00e8 stato fatto e quanto sia redditizio. Se ti immergi in questo modo di pensare e funzionare, non puoi non avere successo in quel mondo. Penso di aver sempre avuto questo approccio, ma lavorare in America lo ha ulteriormente rafforzato e mi ha confermato le mie capacit\u00e0. S\u00ec, la fiducia che porto dagli Stati Uniti \u00e8 sicuramente la cosa pi\u00f9 importante che ho portato con me, ed \u00e8 qualcosa che ora mi serve molto nella nuova azienda.         <strong>Quali sono, secondo lei, le sfide pi\u00f9 grandi che i manager devono affrontare, indipendentemente dal settore in cui operano?<\/strong> \u2013 Ho solo una risposta: la sfida pi\u00f9 grande sono i dipendenti. La gestione delle persone rappresenta, secondo me, l'80% del management. Credo che proprio in questo campo le aziende di successo e i buoni manager si distinguano da quelli meno efficaci, i moderni dai tradizionali, gli innovativi da quelli che stagnano, ecc. Ogni venditore deve trovare il modo di vendere di pi\u00f9 quella parte dell'assortimento che gli porta pi\u00f9 profitto. Quindi, non \"fatturato per il fatturato\", ma \"fatturato per il profitto\".     <strong>Quest'anno si \u00e8 registrato un calo delle transazioni immobiliari e una diminuzione del numero di permessi di costruzione rilasciati. Anche i parametri di fatturato nel settore edile per i primi sei mesi mostrano un calo, quindi ci interessa la sua opinione sulla situazione attuale nel settore delle costruzioni. <\/strong> \u2013 Ha ragione. Tutti notiamo stagnazione e declino. \u00c8 evidente che il 2021 sia stato il picco di quel ciclo quinquennale e ora, nel 2023, le condizioni di mercato stanno cambiando. Ho l'impressione che il calo continuer\u00e0 fino alla fine del 2023 e che il 2024 sar\u00e0 una grande sfida per tutti.        <strong>Come valuta l'attuale situazione nel mercato delle vernici e dei rivestimenti?<\/strong> \u2013 Segue il trend generale dell'industria delle costruzioni. Tuttavia, indipendentemente dalla crisi e dal calo, i produttori il cui portafoglio di prodotti \u00e8 basato su materiali per ristrutturazione e manutenzione (renovation e refurbishment) risentiranno meno delle tendenze negative rispetto ai produttori che si concentrano principalmente sui materiali per nuove costruzioni (cemento, acciaio, mattoni...).  <strong>Come si svilupperanno in futuro i settori delle costruzioni e delle vernici e rivestimenti in Serbia e nella regione?<\/strong> \u2013 Domanda difficile e risposta altrettanto complessa. Credo che la seconda met\u00e0 del 2023 e tutto il 2024 saranno periodi in cui il calo del mercato continuer\u00e0.    <strong>Cosa la motiva professionalmente a perseguire nuovi perfezionamenti e avanzamenti di carriera?<\/strong> \u2013 Facciamoci una risata \u2013 bisogna pur guadagnarsi da vivere. Ogni nuova azienda \u00e8 un tesoro di conoscenze, competenze ed esperienze. Mi entusiasma ancora imparare qualcosa di nuovo e rendermi conto che posso continuare a innalzare il mio livello professionale. Non so come i lettori lo interpreteranno, ma solo ora ho iniziato a godermi davvero il lavoro che faccio e ne voglio ancora di pi\u00f9.    <strong>Come valuta l'attuale situazione nel mercato delle vernici e dei rivestimenti?<\/strong> \u2013 Segue il trend generale dell'industria delle costruzioni. Tuttavia, indipendentemente dalla crisi e dal calo, i produttori il cui portafoglio di prodotti \u00e8 basato su materiali per ristrutturazione e manutenzione (renovation e refurbishment) risentiranno meno delle tendenze negative rispetto ai produttori che si concentrano principalmente sui materiali per nuove costruzioni (cemento, acciaio, mattoni...).  <strong>A quali attivit\u00e0 si dedica fuori dal lavoro e come le piace trascorrere il suo tempo libero?<\/strong> \u2013 Questo \u00e8 il pi\u00f9 semplice \u2013 adoro trascorrere il tempo con la mia famiglia, con i miei figli, mia moglie e i miei due cani, che amo immensamente. Trovo anche il tempo per guardare partite, di recente gioco a padel con gli amici, vado al ristorante, faccio passeggiate\u2026 e questo \u00e8 tutto. <strong>2002\u20132007<\/strong>: Direttore commerciale Rubin AD, <strong>2007\u20132008<\/strong>: Direttore della distribuzione Jezero d.o.o., <strong>2010\u20132012<\/strong>: Direttore della distribuzione Toza Markovi\u0107 d.o.o., <strong>2012\u20132021<\/strong>: Direttore della distribuzione Sika, <strong>2021\u20132022<\/strong>: Direttore vendite Sika USA, <strong>2022<\/strong>: Direttore vendite regionale TKK, <strong>2022<\/strong>: Direttore commerciale Bekament. <\/p>\n","protected":false},"excerpt":{"rendered":"<p>Leggete l'intervista rilasciata da Vladimir Jak\u0161i\u0107, direttore commerciale dell'azienda Bekament, per la rivista Ton, specializzata in vernici e rivestimenti.<\/p>\n","protected":false},"author":1,"featured_media":11580,"comment_status":"open","ping_status":"open","sticky":false,"template":"","format":"standard","meta":{"_acf_changed":false,"inline_featured_image":false,"footnotes":""},"categories":[146],"tags":[],"class_list":["post-11579","post","type-post","status-publish","format-standard","has-post-thumbnail","hentry","category-vesti-it"],"acf":[],"yoast_head":"<!-- This site is optimized with the Yoast SEO plugin v27.1.1 - https:\/\/yoast.com\/product\/yoast-seo-wordpress\/ -->\n<title>Intervista a Vladimir Jak\u0161i\u0107, direttore commerciale dell&#039;azienda Bekament, per la rivista Ton. - Bekament<\/title>\n<meta name=\"robots\" content=\"index, follow, max-snippet:-1, max-image-preview:large, max-video-preview:-1\" \/>\n<link rel=\"canonical\" href=\"https:\/\/www.bekament.com\/it\/intervista-a-vladimir-jaksic-direttore-commerciale-dellazienda-bekament-per-la-rivista-ton\/\" \/>\n<meta property=\"og:locale\" content=\"it_IT\" \/>\n<meta property=\"og:type\" content=\"article\" \/>\n<meta property=\"og:title\" content=\"Intervista a Vladimir Jak\u0161i\u0107, direttore commerciale dell&#039;azienda Bekament, per la rivista Ton. - Bekament\" \/>\n<meta property=\"og:description\" content=\"Leggete l&#039;intervista rilasciata da Vladimir Jak\u0161i\u0107, direttore commerciale dell&#039;azienda Bekament, per la rivista Ton, specializzata in vernici e rivestimenti.\" \/>\n<meta property=\"og:url\" content=\"https:\/\/www.bekament.com\/it\/intervista-a-vladimir-jaksic-direttore-commerciale-dellazienda-bekament-per-la-rivista-ton\/\" \/>\n<meta property=\"og:site_name\" content=\"Bekament\" \/>\n<meta property=\"article:publisher\" content=\"https:\/\/www.facebook.com\/Bekament\/\" \/>\n<meta property=\"article:published_time\" content=\"2023-09-05T13:04:00+00:00\" \/>\n<meta property=\"article:modified_time\" content=\"2024-10-15T17:17:58+00:00\" \/>\n<meta property=\"og:image\" content=\"https:\/\/www.bekament.com\/wp-content\/uploads\/2023\/09\/default-cover-image-7.jpg\" \/>\n\t<meta property=\"og:image:width\" content=\"1920\" \/>\n\t<meta property=\"og:image:height\" content=\"1080\" \/>\n\t<meta property=\"og:image:type\" content=\"image\/jpeg\" \/>\n<meta name=\"author\" content=\"admin\" \/>\n<meta name=\"twitter:card\" content=\"summary_large_image\" \/>\n<meta name=\"twitter:label1\" content=\"Scritto da\" \/>\n\t<meta name=\"twitter:data1\" content=\"admin\" \/>\n\t<meta name=\"twitter:label2\" content=\"Tempo di lettura stimato\" \/>\n\t<meta name=\"twitter:data2\" content=\"5 minuti\" \/>\n<script type=\"application\/ld+json\" class=\"yoast-schema-graph\">{\"@context\":\"https:\/\/schema.org\",\"@graph\":[{\"@type\":\"Article\",\"@id\":\"https:\/\/www.bekament.com\/it\/intervista-a-vladimir-jaksic-direttore-commerciale-dellazienda-bekament-per-la-rivista-ton\/#article\",\"isPartOf\":{\"@id\":\"https:\/\/www.bekament.com\/it\/intervista-a-vladimir-jaksic-direttore-commerciale-dellazienda-bekament-per-la-rivista-ton\/\"},\"author\":{\"name\":\"admin\",\"@id\":\"https:\/\/www.bekament.com\/it\/#\/schema\/person\/7d117e01a27b9a95bc635430b5928bd4\"},\"headline\":\"Intervista a Vladimir Jak\u0161i\u0107, direttore commerciale dell'azienda Bekament, per la rivista Ton.\",\"datePublished\":\"2023-09-05T13:04:00+00:00\",\"dateModified\":\"2024-10-15T17:17:58+00:00\",\"mainEntityOfPage\":{\"@id\":\"https:\/\/www.bekament.com\/it\/intervista-a-vladimir-jaksic-direttore-commerciale-dellazienda-bekament-per-la-rivista-ton\/\"},\"wordCount\":1051,\"commentCount\":0,\"publisher\":{\"@id\":\"https:\/\/www.bekament.com\/it\/#organization\"},\"image\":{\"@id\":\"https:\/\/www.bekament.com\/it\/intervista-a-vladimir-jaksic-direttore-commerciale-dellazienda-bekament-per-la-rivista-ton\/#primaryimage\"},\"thumbnailUrl\":\"https:\/\/www.bekament.com\/wp-content\/uploads\/2023\/09\/default-cover-image-7.jpg\",\"articleSection\":[\"Vesti\"],\"inLanguage\":\"it-IT\",\"potentialAction\":[{\"@type\":\"CommentAction\",\"name\":\"Comment\",\"target\":[\"https:\/\/www.bekament.com\/it\/intervista-a-vladimir-jaksic-direttore-commerciale-dellazienda-bekament-per-la-rivista-ton\/#respond\"]}]},{\"@type\":\"WebPage\",\"@id\":\"https:\/\/www.bekament.com\/it\/intervista-a-vladimir-jaksic-direttore-commerciale-dellazienda-bekament-per-la-rivista-ton\/\",\"url\":\"https:\/\/www.bekament.com\/it\/intervista-a-vladimir-jaksic-direttore-commerciale-dellazienda-bekament-per-la-rivista-ton\/\",\"name\":\"Intervista a Vladimir Jak\u0161i\u0107, direttore commerciale dell'azienda Bekament, per la rivista Ton. - Bekament\",\"isPartOf\":{\"@id\":\"https:\/\/www.bekament.com\/it\/#website\"},\"primaryImageOfPage\":{\"@id\":\"https:\/\/www.bekament.com\/it\/intervista-a-vladimir-jaksic-direttore-commerciale-dellazienda-bekament-per-la-rivista-ton\/#primaryimage\"},\"image\":{\"@id\":\"https:\/\/www.bekament.com\/it\/intervista-a-vladimir-jaksic-direttore-commerciale-dellazienda-bekament-per-la-rivista-ton\/#primaryimage\"},\"thumbnailUrl\":\"https:\/\/www.bekament.com\/wp-content\/uploads\/2023\/09\/default-cover-image-7.jpg\",\"datePublished\":\"2023-09-05T13:04:00+00:00\",\"dateModified\":\"2024-10-15T17:17:58+00:00\",\"breadcrumb\":{\"@id\":\"https:\/\/www.bekament.com\/it\/intervista-a-vladimir-jaksic-direttore-commerciale-dellazienda-bekament-per-la-rivista-ton\/#breadcrumb\"},\"inLanguage\":\"it-IT\",\"potentialAction\":[{\"@type\":\"ReadAction\",\"target\":[\"https:\/\/www.bekament.com\/it\/intervista-a-vladimir-jaksic-direttore-commerciale-dellazienda-bekament-per-la-rivista-ton\/\"]}]},{\"@type\":\"ImageObject\",\"inLanguage\":\"it-IT\",\"@id\":\"https:\/\/www.bekament.com\/it\/intervista-a-vladimir-jaksic-direttore-commerciale-dellazienda-bekament-per-la-rivista-ton\/#primaryimage\",\"url\":\"https:\/\/www.bekament.com\/wp-content\/uploads\/2023\/09\/default-cover-image-7.jpg\",\"contentUrl\":\"https:\/\/www.bekament.com\/wp-content\/uploads\/2023\/09\/default-cover-image-7.jpg\",\"width\":1920,\"height\":1080},{\"@type\":\"BreadcrumbList\",\"@id\":\"https:\/\/www.bekament.com\/it\/intervista-a-vladimir-jaksic-direttore-commerciale-dellazienda-bekament-per-la-rivista-ton\/#breadcrumb\",\"itemListElement\":[{\"@type\":\"ListItem\",\"position\":1,\"name\":\"Home\",\"item\":\"https:\/\/www.bekament.com\/it\/\"},{\"@type\":\"ListItem\",\"position\":2,\"name\":\"Intervista a Vladimir Jak\u0161i\u0107, direttore commerciale dell'azienda Bekament, per la rivista Ton.\"}]},{\"@type\":\"WebSite\",\"@id\":\"https:\/\/www.bekament.com\/it\/#website\",\"url\":\"https:\/\/www.bekament.com\/it\/\",\"name\":\"Bekament\",\"description\":\"\",\"publisher\":{\"@id\":\"https:\/\/www.bekament.com\/it\/#organization\"},\"potentialAction\":[{\"@type\":\"SearchAction\",\"target\":{\"@type\":\"EntryPoint\",\"urlTemplate\":\"https:\/\/www.bekament.com\/it\/?s={search_term_string}\"},\"query-input\":{\"@type\":\"PropertyValueSpecification\",\"valueRequired\":true,\"valueName\":\"search_term_string\"}}],\"inLanguage\":\"it-IT\"},{\"@type\":\"Organization\",\"@id\":\"https:\/\/www.bekament.com\/it\/#organization\",\"name\":\"Bekament\",\"url\":\"https:\/\/www.bekament.com\/it\/\",\"logo\":{\"@type\":\"ImageObject\",\"inLanguage\":\"it-IT\",\"@id\":\"https:\/\/www.bekament.com\/it\/#\/schema\/logo\/image\/\",\"url\":\"https:\/\/www.bekament.com\/wp-content\/uploads\/2024\/06\/bekament-logo-full.png\",\"contentUrl\":\"https:\/\/www.bekament.com\/wp-content\/uploads\/2024\/06\/bekament-logo-full.png\",\"width\":321,\"height\":53,\"caption\":\"Bekament\"},\"image\":{\"@id\":\"https:\/\/www.bekament.com\/it\/#\/schema\/logo\/image\/\"},\"sameAs\":[\"https:\/\/www.facebook.com\/Bekament\/\",\"https:\/\/www.linkedin.com\/company\/bekament\/?originalSubdomain=rs\",\"https:\/\/www.instagram.com\/bekamentsrb\",\"https:\/\/www.youtube.com\/channel\/UC-pSPBUIrN_FO3OwAN200Jw\"]},{\"@type\":\"Person\",\"@id\":\"https:\/\/www.bekament.com\/it\/#\/schema\/person\/7d117e01a27b9a95bc635430b5928bd4\",\"name\":\"admin\",\"image\":{\"@type\":\"ImageObject\",\"inLanguage\":\"it-IT\",\"@id\":\"https:\/\/www.bekament.com\/it\/#\/schema\/person\/image\/\",\"url\":\"https:\/\/www.bekament.com\/wp-content\/litespeed\/avatar\/efdccd4af1c95c7b91d0ecae2aac20d3.jpg?ver=1777209586\",\"contentUrl\":\"https:\/\/www.bekament.com\/wp-content\/litespeed\/avatar\/efdccd4af1c95c7b91d0ecae2aac20d3.jpg?ver=1777209586\",\"caption\":\"admin\"},\"sameAs\":[\"https:\/\/bekament.com\"],\"url\":\"https:\/\/www.bekament.com\/it\/author\/bekament\/\"}]}<\/script>\n<!-- \/ Yoast SEO plugin. -->","yoast_head_json":{"title":"Intervista a Vladimir Jak\u0161i\u0107, direttore commerciale dell'azienda Bekament, per la rivista Ton. - Bekament","robots":{"index":"index","follow":"follow","max-snippet":"max-snippet:-1","max-image-preview":"max-image-preview:large","max-video-preview":"max-video-preview:-1"},"canonical":"https:\/\/www.bekament.com\/it\/intervista-a-vladimir-jaksic-direttore-commerciale-dellazienda-bekament-per-la-rivista-ton\/","og_locale":"it_IT","og_type":"article","og_title":"Intervista a Vladimir Jak\u0161i\u0107, direttore commerciale dell'azienda Bekament, per la rivista Ton. - Bekament","og_description":"Leggete l'intervista rilasciata da Vladimir Jak\u0161i\u0107, direttore commerciale dell'azienda Bekament, per la rivista Ton, specializzata in vernici e rivestimenti.","og_url":"https:\/\/www.bekament.com\/it\/intervista-a-vladimir-jaksic-direttore-commerciale-dellazienda-bekament-per-la-rivista-ton\/","og_site_name":"Bekament","article_publisher":"https:\/\/www.facebook.com\/Bekament\/","article_published_time":"2023-09-05T13:04:00+00:00","article_modified_time":"2024-10-15T17:17:58+00:00","og_image":[{"width":1920,"height":1080,"url":"https:\/\/www.bekament.com\/wp-content\/uploads\/2023\/09\/default-cover-image-7.jpg","type":"image\/jpeg"}],"author":"admin","twitter_card":"summary_large_image","twitter_misc":{"Scritto da":"admin","Tempo di lettura stimato":"5 minuti"},"schema":{"@context":"https:\/\/schema.org","@graph":[{"@type":"Article","@id":"https:\/\/www.bekament.com\/it\/intervista-a-vladimir-jaksic-direttore-commerciale-dellazienda-bekament-per-la-rivista-ton\/#article","isPartOf":{"@id":"https:\/\/www.bekament.com\/it\/intervista-a-vladimir-jaksic-direttore-commerciale-dellazienda-bekament-per-la-rivista-ton\/"},"author":{"name":"admin","@id":"https:\/\/www.bekament.com\/it\/#\/schema\/person\/7d117e01a27b9a95bc635430b5928bd4"},"headline":"Intervista a Vladimir Jak\u0161i\u0107, direttore commerciale dell'azienda Bekament, per la rivista Ton.","datePublished":"2023-09-05T13:04:00+00:00","dateModified":"2024-10-15T17:17:58+00:00","mainEntityOfPage":{"@id":"https:\/\/www.bekament.com\/it\/intervista-a-vladimir-jaksic-direttore-commerciale-dellazienda-bekament-per-la-rivista-ton\/"},"wordCount":1051,"commentCount":0,"publisher":{"@id":"https:\/\/www.bekament.com\/it\/#organization"},"image":{"@id":"https:\/\/www.bekament.com\/it\/intervista-a-vladimir-jaksic-direttore-commerciale-dellazienda-bekament-per-la-rivista-ton\/#primaryimage"},"thumbnailUrl":"https:\/\/www.bekament.com\/wp-content\/uploads\/2023\/09\/default-cover-image-7.jpg","articleSection":["Vesti"],"inLanguage":"it-IT","potentialAction":[{"@type":"CommentAction","name":"Comment","target":["https:\/\/www.bekament.com\/it\/intervista-a-vladimir-jaksic-direttore-commerciale-dellazienda-bekament-per-la-rivista-ton\/#respond"]}]},{"@type":"WebPage","@id":"https:\/\/www.bekament.com\/it\/intervista-a-vladimir-jaksic-direttore-commerciale-dellazienda-bekament-per-la-rivista-ton\/","url":"https:\/\/www.bekament.com\/it\/intervista-a-vladimir-jaksic-direttore-commerciale-dellazienda-bekament-per-la-rivista-ton\/","name":"Intervista a Vladimir Jak\u0161i\u0107, direttore commerciale dell'azienda Bekament, per la rivista Ton. - Bekament","isPartOf":{"@id":"https:\/\/www.bekament.com\/it\/#website"},"primaryImageOfPage":{"@id":"https:\/\/www.bekament.com\/it\/intervista-a-vladimir-jaksic-direttore-commerciale-dellazienda-bekament-per-la-rivista-ton\/#primaryimage"},"image":{"@id":"https:\/\/www.bekament.com\/it\/intervista-a-vladimir-jaksic-direttore-commerciale-dellazienda-bekament-per-la-rivista-ton\/#primaryimage"},"thumbnailUrl":"https:\/\/www.bekament.com\/wp-content\/uploads\/2023\/09\/default-cover-image-7.jpg","datePublished":"2023-09-05T13:04:00+00:00","dateModified":"2024-10-15T17:17:58+00:00","breadcrumb":{"@id":"https:\/\/www.bekament.com\/it\/intervista-a-vladimir-jaksic-direttore-commerciale-dellazienda-bekament-per-la-rivista-ton\/#breadcrumb"},"inLanguage":"it-IT","potentialAction":[{"@type":"ReadAction","target":["https:\/\/www.bekament.com\/it\/intervista-a-vladimir-jaksic-direttore-commerciale-dellazienda-bekament-per-la-rivista-ton\/"]}]},{"@type":"ImageObject","inLanguage":"it-IT","@id":"https:\/\/www.bekament.com\/it\/intervista-a-vladimir-jaksic-direttore-commerciale-dellazienda-bekament-per-la-rivista-ton\/#primaryimage","url":"https:\/\/www.bekament.com\/wp-content\/uploads\/2023\/09\/default-cover-image-7.jpg","contentUrl":"https:\/\/www.bekament.com\/wp-content\/uploads\/2023\/09\/default-cover-image-7.jpg","width":1920,"height":1080},{"@type":"BreadcrumbList","@id":"https:\/\/www.bekament.com\/it\/intervista-a-vladimir-jaksic-direttore-commerciale-dellazienda-bekament-per-la-rivista-ton\/#breadcrumb","itemListElement":[{"@type":"ListItem","position":1,"name":"Home","item":"https:\/\/www.bekament.com\/it\/"},{"@type":"ListItem","position":2,"name":"Intervista a Vladimir Jak\u0161i\u0107, direttore commerciale dell'azienda Bekament, per la rivista Ton."}]},{"@type":"WebSite","@id":"https:\/\/www.bekament.com\/it\/#website","url":"https:\/\/www.bekament.com\/it\/","name":"Bekament","description":"","publisher":{"@id":"https:\/\/www.bekament.com\/it\/#organization"},"potentialAction":[{"@type":"SearchAction","target":{"@type":"EntryPoint","urlTemplate":"https:\/\/www.bekament.com\/it\/?s={search_term_string}"},"query-input":{"@type":"PropertyValueSpecification","valueRequired":true,"valueName":"search_term_string"}}],"inLanguage":"it-IT"},{"@type":"Organization","@id":"https:\/\/www.bekament.com\/it\/#organization","name":"Bekament","url":"https:\/\/www.bekament.com\/it\/","logo":{"@type":"ImageObject","inLanguage":"it-IT","@id":"https:\/\/www.bekament.com\/it\/#\/schema\/logo\/image\/","url":"https:\/\/www.bekament.com\/wp-content\/uploads\/2024\/06\/bekament-logo-full.png","contentUrl":"https:\/\/www.bekament.com\/wp-content\/uploads\/2024\/06\/bekament-logo-full.png","width":321,"height":53,"caption":"Bekament"},"image":{"@id":"https:\/\/www.bekament.com\/it\/#\/schema\/logo\/image\/"},"sameAs":["https:\/\/www.facebook.com\/Bekament\/","https:\/\/www.linkedin.com\/company\/bekament\/?originalSubdomain=rs","https:\/\/www.instagram.com\/bekamentsrb","https:\/\/www.youtube.com\/channel\/UC-pSPBUIrN_FO3OwAN200Jw"]},{"@type":"Person","@id":"https:\/\/www.bekament.com\/it\/#\/schema\/person\/7d117e01a27b9a95bc635430b5928bd4","name":"admin","image":{"@type":"ImageObject","inLanguage":"it-IT","@id":"https:\/\/www.bekament.com\/it\/#\/schema\/person\/image\/","url":"https:\/\/www.bekament.com\/wp-content\/litespeed\/avatar\/efdccd4af1c95c7b91d0ecae2aac20d3.jpg?ver=1777209586","contentUrl":"https:\/\/www.bekament.com\/wp-content\/litespeed\/avatar\/efdccd4af1c95c7b91d0ecae2aac20d3.jpg?ver=1777209586","caption":"admin"},"sameAs":["https:\/\/bekament.com"],"url":"https:\/\/www.bekament.com\/it\/author\/bekament\/"}]}},"_links":{"self":[{"href":"https:\/\/www.bekament.com\/it\/wp-json\/wp\/v2\/posts\/11579","targetHints":{"allow":["GET"]}}],"collection":[{"href":"https:\/\/www.bekament.com\/it\/wp-json\/wp\/v2\/posts"}],"about":[{"href":"https:\/\/www.bekament.com\/it\/wp-json\/wp\/v2\/types\/post"}],"author":[{"embeddable":true,"href":"https:\/\/www.bekament.com\/it\/wp-json\/wp\/v2\/users\/1"}],"replies":[{"embeddable":true,"href":"https:\/\/www.bekament.com\/it\/wp-json\/wp\/v2\/comments?post=11579"}],"version-history":[{"count":0,"href":"https:\/\/www.bekament.com\/it\/wp-json\/wp\/v2\/posts\/11579\/revisions"}],"wp:featuredmedia":[{"embeddable":true,"href":"https:\/\/www.bekament.com\/it\/wp-json\/wp\/v2\/media\/11580"}],"wp:attachment":[{"href":"https:\/\/www.bekament.com\/it\/wp-json\/wp\/v2\/media?parent=11579"}],"wp:term":[{"taxonomy":"category","embeddable":true,"href":"https:\/\/www.bekament.com\/it\/wp-json\/wp\/v2\/categories?post=11579"},{"taxonomy":"post_tag","embeddable":true,"href":"https:\/\/www.bekament.com\/it\/wp-json\/wp\/v2\/tags?post=11579"}],"curies":[{"name":"wp","href":"https:\/\/api.w.org\/{rel}","templated":true}]}}