{"id":17479,"date":"2022-10-19T12:12:00","date_gmt":"2022-10-19T10:12:00","guid":{"rendered":"https:\/\/bekament.com\/la-conoscenza-e-quando-la-si-vede-anche-nella-pratica\/"},"modified":"2022-10-19T12:12:00","modified_gmt":"2022-10-19T10:12:00","slug":"la-conoscenza-e-quando-la-si-vede-anche-nella-pratica","status":"publish","type":"post","link":"https:\/\/www.bekament.com\/it\/la-conoscenza-e-quando-la-si-vede-anche-nella-pratica\/","title":{"rendered":"La conoscenza \u00e8 quando la si vede anche nella pratica"},"content":{"rendered":"<h4><strong>IN OCCASIONE DELLA SETTIMANA DEI BAMBINI, VENERD\u00cc 7 OTTOBRE, BEKAMENT HA OSPITATO CON GRANDE PIACERE GLI STUDENTI DELLE CLASSI DALLA 1\u00aa ALLA 4\u00aa DELLA SCUOLA ELEMENTARE \"DU\u0160AN RADONJI\u0106\" DI BANJA AD ARAN\u0110ELOVAC PRESSO IL PROPRIO COMPLESSO INDUSTRIALE.    <\/strong><\/h4>\n<p>Durante la visita organizzata, gli studenti hanno avuto l'opportunit\u00e0 di visitare il Centro di Formazione, conoscere per la prima volta alcuni prodotti dell'ampia gamma di Bekament e visitare un interessante showroom di tecniche decorative.<\/p>\n<p><img loading=\"lazy\" decoding=\"async\" class=\"alignnone wp-image-2439 size-full\" src=\"https:\/\/www.bekament.com\/wp-content\/uploads\/2022\/10\/OS-Dusan-Radonjic-Banja-3.jpg\" alt=\"\" width=\"1200\" height=\"1600\" srcset=\"https:\/\/www.bekament.com\/wp-content\/uploads\/2022\/10\/OS-Dusan-Radonjic-Banja-3.jpg 1200w, https:\/\/www.bekament.com\/wp-content\/uploads\/2022\/10\/OS-Dusan-Radonjic-Banja-3-225x300.jpg 225w, https:\/\/www.bekament.com\/wp-content\/uploads\/2022\/10\/OS-Dusan-Radonjic-Banja-3-768x1024.jpg 768w, https:\/\/www.bekament.com\/wp-content\/uploads\/2022\/10\/OS-Dusan-Radonjic-Banja-3-1152x1536.jpg 1152w\" sizes=\"auto, (max-width: 1200px) 100vw, 1200px\" \/> <img loading=\"lazy\" decoding=\"async\" class=\"alignnone wp-image-2440 size-full\" src=\"https:\/\/www.bekament.com\/wp-content\/uploads\/2022\/10\/OS-Dusan-Radonjic-Banja-2.jpg\" alt=\"\" width=\"1200\" height=\"1600\" srcset=\"https:\/\/www.bekament.com\/wp-content\/uploads\/2022\/10\/OS-Dusan-Radonjic-Banja-2.jpg 1200w, https:\/\/www.bekament.com\/wp-content\/uploads\/2022\/10\/OS-Dusan-Radonjic-Banja-2-225x300.jpg 225w, https:\/\/www.bekament.com\/wp-content\/uploads\/2022\/10\/OS-Dusan-Radonjic-Banja-2-768x1024.jpg 768w, https:\/\/www.bekament.com\/wp-content\/uploads\/2022\/10\/OS-Dusan-Radonjic-Banja-2-1152x1536.jpg 1152w\" sizes=\"auto, (max-width: 1200px) 100vw, 1200px\" \/><\/p>\n<p>Lo stesso giorno, Bekament ha ospitato anche gli studenti della Prima Scuola Tecnica di Kragujevac (una classe di tecnici edili e una classe di tecnici architetti) con l'obiettivo di migliorare la qualit\u00e0 della loro istruzione. Durante la visita, gli studenti delle superiori hanno visitato gli impianti produttivi e conosciuto il processo di produzione dei materiali per le finiture in edilizia e la loro applicazione pratica nel Centro di Formazione Bekament. Inoltre, gli ingegneri del supporto tecnico hanno presentato soluzioni sistematiche (sistemi di isolamento termico per facciate e sistemi di posa della ceramica) che hanno suscitato grande interesse tra gli studenti. <\/p>\n<p><img loading=\"lazy\" decoding=\"async\" class=\"alignnone wp-image-2444 size-full\" src=\"https:\/\/www.bekament.com\/wp-content\/uploads\/2022\/10\/Tehnicka-skola-Kragujevac.jpg\" alt=\"\" width=\"1600\" height=\"1200\" srcset=\"https:\/\/www.bekament.com\/wp-content\/uploads\/2022\/10\/Tehnicka-skola-Kragujevac.jpg 1600w, https:\/\/www.bekament.com\/wp-content\/uploads\/2022\/10\/Tehnicka-skola-Kragujevac-300x225.jpg 300w, https:\/\/www.bekament.com\/wp-content\/uploads\/2022\/10\/Tehnicka-skola-Kragujevac-1024x768.jpg 1024w, https:\/\/www.bekament.com\/wp-content\/uploads\/2022\/10\/Tehnicka-skola-Kragujevac-768x576.jpg 768w, https:\/\/www.bekament.com\/wp-content\/uploads\/2022\/10\/Tehnicka-skola-Kragujevac-1536x1152.jpg 1536w\" sizes=\"auto, (max-width: 1600px) 100vw, 1600px\" \/><\/p>\n<p>Pieni di impressioni e con un sorriso sul volto, gli studenti hanno concluso la loro visita, e Bekament continuer\u00e0 sempre a sostenere iniziative come questa, che offrono l'opportunit\u00e0 di arricchire la conoscenza teorica attraverso l'istruzione pratica.<\/p>\n<p>Bekament<\/p>\n<p>Il forza \u00e8 nelle nostre mani<\/p>\n<p><img loading=\"lazy\" decoding=\"async\" class=\"alignnone wp-image-2445 size-full\" src=\"https:\/\/www.bekament.com\/wp-content\/uploads\/2022\/10\/Tehnicka-skola-Kragujevac-3.jpg\" alt=\"\" width=\"1600\" height=\"1200\" srcset=\"https:\/\/www.bekament.com\/wp-content\/uploads\/2022\/10\/Tehnicka-skola-Kragujevac-3.jpg 1600w, https:\/\/www.bekament.com\/wp-content\/uploads\/2022\/10\/Tehnicka-skola-Kragujevac-3-300x225.jpg 300w, https:\/\/www.bekament.com\/wp-content\/uploads\/2022\/10\/Tehnicka-skola-Kragujevac-3-1024x768.jpg 1024w, https:\/\/www.bekament.com\/wp-content\/uploads\/2022\/10\/Tehnicka-skola-Kragujevac-3-768x576.jpg 768w, https:\/\/www.bekament.com\/wp-content\/uploads\/2022\/10\/Tehnicka-skola-Kragujevac-3-1536x1152.jpg 1536w\" sizes=\"auto, (max-width: 1600px) 100vw, 1600px\" \/> <img loading=\"lazy\" decoding=\"async\" class=\"alignnone wp-image-2446 size-full\" src=\"https:\/\/www.bekament.com\/wp-content\/uploads\/2022\/10\/Tehnicka-skola-Kragujevac-2.jpg\" alt=\"\" width=\"1600\" height=\"1200\" srcset=\"https:\/\/www.bekament.com\/wp-content\/uploads\/2022\/10\/Tehnicka-skola-Kragujevac-2.jpg 1600w, https:\/\/www.bekament.com\/wp-content\/uploads\/2022\/10\/Tehnicka-skola-Kragujevac-2-300x225.jpg 300w, https:\/\/www.bekament.com\/wp-content\/uploads\/2022\/10\/Tehnicka-skola-Kragujevac-2-1024x768.jpg 1024w, https:\/\/www.bekament.com\/wp-content\/uploads\/2022\/10\/Tehnicka-skola-Kragujevac-2-768x576.jpg 768w, https:\/\/www.bekament.com\/wp-content\/uploads\/2022\/10\/Tehnicka-skola-Kragujevac-2-1536x1152.jpg 1536w\" sizes=\"auto, (max-width: 1600px) 100vw, 1600px\" \/><\/p>\n","protected":false},"excerpt":{"rendered":"<p>In occasione della Settimana dei Bambini, venerd\u00ec 7 ottobre, Bekament ha ospitato con grande piacere gli studenti delle classi dalla 1\u00aa alla 4\u00aa della Scuola Elementare \"Du\u0161an Radonji\u0107\" di Banja ad Aran\u0111elovac presso il proprio complesso industriale.   <\/p>\n","protected":false},"author":1,"featured_media":17483,"comment_status":"open","ping_status":"open","sticky":false,"template":"","format":"standard","meta":{"_acf_changed":false,"inline_featured_image":false,"footnotes":""},"categories":[146],"tags":[],"class_list":["post-17479","post","type-post","status-publish","format-standard","has-post-thumbnail","hentry","category-vesti-it"],"acf":[],"yoast_head":"<!-- This site is optimized with the Yoast SEO plugin v27.1.1 - https:\/\/yoast.com\/product\/yoast-seo-wordpress\/ -->\n<title>La conoscenza \u00e8 quando la si vede anche nella pratica - Bekament<\/title>\n<meta name=\"robots\" content=\"index, follow, max-snippet:-1, max-image-preview:large, max-video-preview:-1\" \/>\n<link rel=\"canonical\" href=\"https:\/\/www.bekament.com\/it\/la-conoscenza-e-quando-la-si-vede-anche-nella-pratica\/\" \/>\n<meta property=\"og:locale\" content=\"it_IT\" \/>\n<meta property=\"og:type\" content=\"article\" \/>\n<meta property=\"og:title\" content=\"La conoscenza \u00e8 quando la si vede anche nella pratica - Bekament\" \/>\n<meta property=\"og:description\" content=\"In occasione della Settimana dei Bambini, venerd\u00ec 7 ottobre, Bekament ha ospitato con grande piacere gli studenti delle classi dalla 1\u00aa alla 4\u00aa della Scuola Elementare &quot;Du\u0161an Radonji\u0107&quot; di Banja ad Aran\u0111elovac presso il proprio complesso industriale.\" \/>\n<meta property=\"og:url\" content=\"https:\/\/www.bekament.com\/it\/la-conoscenza-e-quando-la-si-vede-anche-nella-pratica\/\" \/>\n<meta property=\"og:site_name\" content=\"Bekament\" \/>\n<meta property=\"article:publisher\" content=\"https:\/\/www.facebook.com\/Bekament\/\" \/>\n<meta property=\"article:published_time\" content=\"2022-10-19T10:12:00+00:00\" \/>\n<meta property=\"og:image\" content=\"https:\/\/www.bekament.com\/wp-content\/uploads\/2022\/10\/1241-os-dusan-radonjic-banja-medium-jpg-1.jpg\" \/>\n\t<meta property=\"og:image:width\" content=\"825\" \/>\n\t<meta property=\"og:image:height\" content=\"432\" \/>\n\t<meta property=\"og:image:type\" content=\"image\/jpeg\" \/>\n<meta name=\"author\" content=\"admin\" \/>\n<meta name=\"twitter:card\" content=\"summary_large_image\" \/>\n<meta name=\"twitter:label1\" content=\"Scritto da\" \/>\n\t<meta name=\"twitter:data1\" content=\"admin\" \/>\n\t<meta name=\"twitter:label2\" content=\"Tempo di lettura stimato\" \/>\n\t<meta name=\"twitter:data2\" content=\"1 minuto\" \/>\n<script type=\"application\/ld+json\" class=\"yoast-schema-graph\">{\"@context\":\"https:\/\/schema.org\",\"@graph\":[{\"@type\":\"Article\",\"@id\":\"https:\/\/www.bekament.com\/it\/la-conoscenza-e-quando-la-si-vede-anche-nella-pratica\/#article\",\"isPartOf\":{\"@id\":\"https:\/\/www.bekament.com\/it\/la-conoscenza-e-quando-la-si-vede-anche-nella-pratica\/\"},\"author\":{\"name\":\"admin\",\"@id\":\"https:\/\/www.bekament.com\/it\/#\/schema\/person\/7d117e01a27b9a95bc635430b5928bd4\"},\"headline\":\"La conoscenza \u00e8 quando la si vede anche nella pratica\",\"datePublished\":\"2022-10-19T10:12:00+00:00\",\"mainEntityOfPage\":{\"@id\":\"https:\/\/www.bekament.com\/it\/la-conoscenza-e-quando-la-si-vede-anche-nella-pratica\/\"},\"wordCount\":226,\"commentCount\":0,\"publisher\":{\"@id\":\"https:\/\/www.bekament.com\/it\/#organization\"},\"image\":{\"@id\":\"https:\/\/www.bekament.com\/it\/la-conoscenza-e-quando-la-si-vede-anche-nella-pratica\/#primaryimage\"},\"thumbnailUrl\":\"https:\/\/www.bekament.com\/wp-content\/uploads\/2022\/10\/1241-os-dusan-radonjic-banja-medium-jpg-1.jpg\",\"articleSection\":[\"Vesti\"],\"inLanguage\":\"it-IT\",\"potentialAction\":[{\"@type\":\"CommentAction\",\"name\":\"Comment\",\"target\":[\"https:\/\/www.bekament.com\/it\/la-conoscenza-e-quando-la-si-vede-anche-nella-pratica\/#respond\"]}]},{\"@type\":\"WebPage\",\"@id\":\"https:\/\/www.bekament.com\/it\/la-conoscenza-e-quando-la-si-vede-anche-nella-pratica\/\",\"url\":\"https:\/\/www.bekament.com\/it\/la-conoscenza-e-quando-la-si-vede-anche-nella-pratica\/\",\"name\":\"La conoscenza \u00e8 quando la si vede anche nella pratica - Bekament\",\"isPartOf\":{\"@id\":\"https:\/\/www.bekament.com\/it\/#website\"},\"primaryImageOfPage\":{\"@id\":\"https:\/\/www.bekament.com\/it\/la-conoscenza-e-quando-la-si-vede-anche-nella-pratica\/#primaryimage\"},\"image\":{\"@id\":\"https:\/\/www.bekament.com\/it\/la-conoscenza-e-quando-la-si-vede-anche-nella-pratica\/#primaryimage\"},\"thumbnailUrl\":\"https:\/\/www.bekament.com\/wp-content\/uploads\/2022\/10\/1241-os-dusan-radonjic-banja-medium-jpg-1.jpg\",\"datePublished\":\"2022-10-19T10:12:00+00:00\",\"breadcrumb\":{\"@id\":\"https:\/\/www.bekament.com\/it\/la-conoscenza-e-quando-la-si-vede-anche-nella-pratica\/#breadcrumb\"},\"inLanguage\":\"it-IT\",\"potentialAction\":[{\"@type\":\"ReadAction\",\"target\":[\"https:\/\/www.bekament.com\/it\/la-conoscenza-e-quando-la-si-vede-anche-nella-pratica\/\"]}]},{\"@type\":\"ImageObject\",\"inLanguage\":\"it-IT\",\"@id\":\"https:\/\/www.bekament.com\/it\/la-conoscenza-e-quando-la-si-vede-anche-nella-pratica\/#primaryimage\",\"url\":\"https:\/\/www.bekament.com\/wp-content\/uploads\/2022\/10\/1241-os-dusan-radonjic-banja-medium-jpg-1.jpg\",\"contentUrl\":\"https:\/\/www.bekament.com\/wp-content\/uploads\/2022\/10\/1241-os-dusan-radonjic-banja-medium-jpg-1.jpg\",\"width\":825,\"height\":432},{\"@type\":\"BreadcrumbList\",\"@id\":\"https:\/\/www.bekament.com\/it\/la-conoscenza-e-quando-la-si-vede-anche-nella-pratica\/#breadcrumb\",\"itemListElement\":[{\"@type\":\"ListItem\",\"position\":1,\"name\":\"Home\",\"item\":\"https:\/\/www.bekament.com\/it\/\"},{\"@type\":\"ListItem\",\"position\":2,\"name\":\"La conoscenza \u00e8 quando la si vede anche nella pratica\"}]},{\"@type\":\"WebSite\",\"@id\":\"https:\/\/www.bekament.com\/it\/#website\",\"url\":\"https:\/\/www.bekament.com\/it\/\",\"name\":\"Bekament\",\"description\":\"\",\"publisher\":{\"@id\":\"https:\/\/www.bekament.com\/it\/#organization\"},\"potentialAction\":[{\"@type\":\"SearchAction\",\"target\":{\"@type\":\"EntryPoint\",\"urlTemplate\":\"https:\/\/www.bekament.com\/it\/?s={search_term_string}\"},\"query-input\":{\"@type\":\"PropertyValueSpecification\",\"valueRequired\":true,\"valueName\":\"search_term_string\"}}],\"inLanguage\":\"it-IT\"},{\"@type\":\"Organization\",\"@id\":\"https:\/\/www.bekament.com\/it\/#organization\",\"name\":\"Bekament\",\"url\":\"https:\/\/www.bekament.com\/it\/\",\"logo\":{\"@type\":\"ImageObject\",\"inLanguage\":\"it-IT\",\"@id\":\"https:\/\/www.bekament.com\/it\/#\/schema\/logo\/image\/\",\"url\":\"https:\/\/www.bekament.com\/wp-content\/uploads\/2024\/06\/bekament-logo-full.png\",\"contentUrl\":\"https:\/\/www.bekament.com\/wp-content\/uploads\/2024\/06\/bekament-logo-full.png\",\"width\":321,\"height\":53,\"caption\":\"Bekament\"},\"image\":{\"@id\":\"https:\/\/www.bekament.com\/it\/#\/schema\/logo\/image\/\"},\"sameAs\":[\"https:\/\/www.facebook.com\/Bekament\/\",\"https:\/\/www.linkedin.com\/company\/bekament\/?originalSubdomain=rs\",\"https:\/\/www.instagram.com\/bekamentsrb\",\"https:\/\/www.youtube.com\/channel\/UC-pSPBUIrN_FO3OwAN200Jw\"]},{\"@type\":\"Person\",\"@id\":\"https:\/\/www.bekament.com\/it\/#\/schema\/person\/7d117e01a27b9a95bc635430b5928bd4\",\"name\":\"admin\",\"image\":{\"@type\":\"ImageObject\",\"inLanguage\":\"it-IT\",\"@id\":\"https:\/\/www.bekament.com\/it\/#\/schema\/person\/image\/\",\"url\":\"https:\/\/www.bekament.com\/wp-content\/litespeed\/avatar\/efdccd4af1c95c7b91d0ecae2aac20d3.jpg?ver=1777209586\",\"contentUrl\":\"https:\/\/www.bekament.com\/wp-content\/litespeed\/avatar\/efdccd4af1c95c7b91d0ecae2aac20d3.jpg?ver=1777209586\",\"caption\":\"admin\"},\"sameAs\":[\"https:\/\/bekament.com\"],\"url\":\"https:\/\/www.bekament.com\/it\/author\/bekament\/\"}]}<\/script>\n<!-- \/ Yoast SEO plugin. -->","yoast_head_json":{"title":"La conoscenza \u00e8 quando la si vede anche nella pratica - Bekament","robots":{"index":"index","follow":"follow","max-snippet":"max-snippet:-1","max-image-preview":"max-image-preview:large","max-video-preview":"max-video-preview:-1"},"canonical":"https:\/\/www.bekament.com\/it\/la-conoscenza-e-quando-la-si-vede-anche-nella-pratica\/","og_locale":"it_IT","og_type":"article","og_title":"La conoscenza \u00e8 quando la si vede anche nella pratica - Bekament","og_description":"In occasione della Settimana dei Bambini, venerd\u00ec 7 ottobre, Bekament ha ospitato con grande piacere gli studenti delle classi dalla 1\u00aa alla 4\u00aa della Scuola Elementare \"Du\u0161an Radonji\u0107\" di Banja ad Aran\u0111elovac presso il proprio complesso industriale.","og_url":"https:\/\/www.bekament.com\/it\/la-conoscenza-e-quando-la-si-vede-anche-nella-pratica\/","og_site_name":"Bekament","article_publisher":"https:\/\/www.facebook.com\/Bekament\/","article_published_time":"2022-10-19T10:12:00+00:00","og_image":[{"width":825,"height":432,"url":"https:\/\/www.bekament.com\/wp-content\/uploads\/2022\/10\/1241-os-dusan-radonjic-banja-medium-jpg-1.jpg","type":"image\/jpeg"}],"author":"admin","twitter_card":"summary_large_image","twitter_misc":{"Scritto da":"admin","Tempo di lettura stimato":"1 minuto"},"schema":{"@context":"https:\/\/schema.org","@graph":[{"@type":"Article","@id":"https:\/\/www.bekament.com\/it\/la-conoscenza-e-quando-la-si-vede-anche-nella-pratica\/#article","isPartOf":{"@id":"https:\/\/www.bekament.com\/it\/la-conoscenza-e-quando-la-si-vede-anche-nella-pratica\/"},"author":{"name":"admin","@id":"https:\/\/www.bekament.com\/it\/#\/schema\/person\/7d117e01a27b9a95bc635430b5928bd4"},"headline":"La conoscenza \u00e8 quando la si vede anche nella pratica","datePublished":"2022-10-19T10:12:00+00:00","mainEntityOfPage":{"@id":"https:\/\/www.bekament.com\/it\/la-conoscenza-e-quando-la-si-vede-anche-nella-pratica\/"},"wordCount":226,"commentCount":0,"publisher":{"@id":"https:\/\/www.bekament.com\/it\/#organization"},"image":{"@id":"https:\/\/www.bekament.com\/it\/la-conoscenza-e-quando-la-si-vede-anche-nella-pratica\/#primaryimage"},"thumbnailUrl":"https:\/\/www.bekament.com\/wp-content\/uploads\/2022\/10\/1241-os-dusan-radonjic-banja-medium-jpg-1.jpg","articleSection":["Vesti"],"inLanguage":"it-IT","potentialAction":[{"@type":"CommentAction","name":"Comment","target":["https:\/\/www.bekament.com\/it\/la-conoscenza-e-quando-la-si-vede-anche-nella-pratica\/#respond"]}]},{"@type":"WebPage","@id":"https:\/\/www.bekament.com\/it\/la-conoscenza-e-quando-la-si-vede-anche-nella-pratica\/","url":"https:\/\/www.bekament.com\/it\/la-conoscenza-e-quando-la-si-vede-anche-nella-pratica\/","name":"La conoscenza \u00e8 quando la si vede anche nella pratica - Bekament","isPartOf":{"@id":"https:\/\/www.bekament.com\/it\/#website"},"primaryImageOfPage":{"@id":"https:\/\/www.bekament.com\/it\/la-conoscenza-e-quando-la-si-vede-anche-nella-pratica\/#primaryimage"},"image":{"@id":"https:\/\/www.bekament.com\/it\/la-conoscenza-e-quando-la-si-vede-anche-nella-pratica\/#primaryimage"},"thumbnailUrl":"https:\/\/www.bekament.com\/wp-content\/uploads\/2022\/10\/1241-os-dusan-radonjic-banja-medium-jpg-1.jpg","datePublished":"2022-10-19T10:12:00+00:00","breadcrumb":{"@id":"https:\/\/www.bekament.com\/it\/la-conoscenza-e-quando-la-si-vede-anche-nella-pratica\/#breadcrumb"},"inLanguage":"it-IT","potentialAction":[{"@type":"ReadAction","target":["https:\/\/www.bekament.com\/it\/la-conoscenza-e-quando-la-si-vede-anche-nella-pratica\/"]}]},{"@type":"ImageObject","inLanguage":"it-IT","@id":"https:\/\/www.bekament.com\/it\/la-conoscenza-e-quando-la-si-vede-anche-nella-pratica\/#primaryimage","url":"https:\/\/www.bekament.com\/wp-content\/uploads\/2022\/10\/1241-os-dusan-radonjic-banja-medium-jpg-1.jpg","contentUrl":"https:\/\/www.bekament.com\/wp-content\/uploads\/2022\/10\/1241-os-dusan-radonjic-banja-medium-jpg-1.jpg","width":825,"height":432},{"@type":"BreadcrumbList","@id":"https:\/\/www.bekament.com\/it\/la-conoscenza-e-quando-la-si-vede-anche-nella-pratica\/#breadcrumb","itemListElement":[{"@type":"ListItem","position":1,"name":"Home","item":"https:\/\/www.bekament.com\/it\/"},{"@type":"ListItem","position":2,"name":"La conoscenza \u00e8 quando la si vede anche nella pratica"}]},{"@type":"WebSite","@id":"https:\/\/www.bekament.com\/it\/#website","url":"https:\/\/www.bekament.com\/it\/","name":"Bekament","description":"","publisher":{"@id":"https:\/\/www.bekament.com\/it\/#organization"},"potentialAction":[{"@type":"SearchAction","target":{"@type":"EntryPoint","urlTemplate":"https:\/\/www.bekament.com\/it\/?s={search_term_string}"},"query-input":{"@type":"PropertyValueSpecification","valueRequired":true,"valueName":"search_term_string"}}],"inLanguage":"it-IT"},{"@type":"Organization","@id":"https:\/\/www.bekament.com\/it\/#organization","name":"Bekament","url":"https:\/\/www.bekament.com\/it\/","logo":{"@type":"ImageObject","inLanguage":"it-IT","@id":"https:\/\/www.bekament.com\/it\/#\/schema\/logo\/image\/","url":"https:\/\/www.bekament.com\/wp-content\/uploads\/2024\/06\/bekament-logo-full.png","contentUrl":"https:\/\/www.bekament.com\/wp-content\/uploads\/2024\/06\/bekament-logo-full.png","width":321,"height":53,"caption":"Bekament"},"image":{"@id":"https:\/\/www.bekament.com\/it\/#\/schema\/logo\/image\/"},"sameAs":["https:\/\/www.facebook.com\/Bekament\/","https:\/\/www.linkedin.com\/company\/bekament\/?originalSubdomain=rs","https:\/\/www.instagram.com\/bekamentsrb","https:\/\/www.youtube.com\/channel\/UC-pSPBUIrN_FO3OwAN200Jw"]},{"@type":"Person","@id":"https:\/\/www.bekament.com\/it\/#\/schema\/person\/7d117e01a27b9a95bc635430b5928bd4","name":"admin","image":{"@type":"ImageObject","inLanguage":"it-IT","@id":"https:\/\/www.bekament.com\/it\/#\/schema\/person\/image\/","url":"https:\/\/www.bekament.com\/wp-content\/litespeed\/avatar\/efdccd4af1c95c7b91d0ecae2aac20d3.jpg?ver=1777209586","contentUrl":"https:\/\/www.bekament.com\/wp-content\/litespeed\/avatar\/efdccd4af1c95c7b91d0ecae2aac20d3.jpg?ver=1777209586","caption":"admin"},"sameAs":["https:\/\/bekament.com"],"url":"https:\/\/www.bekament.com\/it\/author\/bekament\/"}]}},"_links":{"self":[{"href":"https:\/\/www.bekament.com\/it\/wp-json\/wp\/v2\/posts\/17479","targetHints":{"allow":["GET"]}}],"collection":[{"href":"https:\/\/www.bekament.com\/it\/wp-json\/wp\/v2\/posts"}],"about":[{"href":"https:\/\/www.bekament.com\/it\/wp-json\/wp\/v2\/types\/post"}],"author":[{"embeddable":true,"href":"https:\/\/www.bekament.com\/it\/wp-json\/wp\/v2\/users\/1"}],"replies":[{"embeddable":true,"href":"https:\/\/www.bekament.com\/it\/wp-json\/wp\/v2\/comments?post=17479"}],"version-history":[{"count":0,"href":"https:\/\/www.bekament.com\/it\/wp-json\/wp\/v2\/posts\/17479\/revisions"}],"wp:featuredmedia":[{"embeddable":true,"href":"https:\/\/www.bekament.com\/it\/wp-json\/wp\/v2\/media\/17483"}],"wp:attachment":[{"href":"https:\/\/www.bekament.com\/it\/wp-json\/wp\/v2\/media?parent=17479"}],"wp:term":[{"taxonomy":"category","embeddable":true,"href":"https:\/\/www.bekament.com\/it\/wp-json\/wp\/v2\/categories?post=17479"},{"taxonomy":"post_tag","embeddable":true,"href":"https:\/\/www.bekament.com\/it\/wp-json\/wp\/v2\/tags?post=17479"}],"curies":[{"name":"wp","href":"https:\/\/api.w.org\/{rel}","templated":true}]}}