{"id":17493,"date":"2022-10-11T12:19:00","date_gmt":"2022-10-11T10:19:00","guid":{"rendered":"https:\/\/bekament.com\/il-direttore-hr-di-bekament-al-4-congresso-lean-kaizen-serbia-2022\/"},"modified":"2022-10-11T12:19:00","modified_gmt":"2022-10-11T10:19:00","slug":"il-direttore-hr-di-bekament-al-4-congresso-lean-kaizen-serbia-2022","status":"publish","type":"post","link":"https:\/\/www.bekament.com\/it\/il-direttore-hr-di-bekament-al-4-congresso-lean-kaizen-serbia-2022\/","title":{"rendered":"Il Direttore HR di Bekament al 4\u00b0 Congresso Lean &amp; Kaizen Serbia 2022"},"content":{"rendered":"<h4><strong>IL 4\u00b0 CONGRESSO LEAN E KAIZEN, INTITOLATO \"COGLI L'OPPORTUNIT\u00c0 E TRASFORMATI IN UN'AZIENDA LEAN,\" SI \u00c8 TENUTO DAL 3 AL 4 OTTOBRE PRESSO L'HOTEL CROWNE PLAZA DI BELGRADO.  <\/strong><\/h4>\n<p>Quest'anno il congresso ha riunito oltre 300 partecipanti in un unico luogo, rendendolo il pi\u00f9 grande evento Lean e Kaizen della regione. Oltre al networking e agli incontri sociali, i partecipanti hanno avuto l'opportunit\u00e0 di ascoltare sette diversi panel, con interventi di direttori di aziende rinomate che operano in Serbia. Nel Panel 2, intitolato \"LEAN COACHING \u2013 COME CREARE UNA CULTURA DI MIGLIORAMENTO CONTINUO CON I DIPENDENTI?\", i direttori HR hanno condiviso le loro esperienze su come creare una cultura del miglioramento continuo con le persone (non solo con gli strumenti). <\/p>\n<p><img loading=\"lazy\" decoding=\"async\" class=\"alignnone wp-image-2450 size-full\" src=\"https:\/\/www.bekament.com\/wp-content\/uploads\/2022\/10\/4.Lean-i-Kaizen-kongres-sastanak.jpg\" alt=\"\" width=\"1920\" height=\"1280\" srcset=\"https:\/\/www.bekament.com\/wp-content\/uploads\/2022\/10\/4.Lean-i-Kaizen-kongres-sastanak.jpg 1920w, https:\/\/www.bekament.com\/wp-content\/uploads\/2022\/10\/4.Lean-i-Kaizen-kongres-sastanak-300x200.jpg 300w, https:\/\/www.bekament.com\/wp-content\/uploads\/2022\/10\/4.Lean-i-Kaizen-kongres-sastanak-1024x683.jpg 1024w, https:\/\/www.bekament.com\/wp-content\/uploads\/2022\/10\/4.Lean-i-Kaizen-kongres-sastanak-768x512.jpg 768w, https:\/\/www.bekament.com\/wp-content\/uploads\/2022\/10\/4.Lean-i-Kaizen-kongres-sastanak-1536x1024.jpg 1536w\" sizes=\"auto, (max-width: 1920px) 100vw, 1920px\" \/><\/p>\n<p><strong>Ivan Radukanovi\u0107<\/strong>, Direttore HR di Bekament, \u00e8 stato uno dei relatori del panel, dove ha avuto l'opportunit\u00e0 di discutere insieme agli altri partecipanti vari argomenti attuali legati alla cura dei dipendenti \u2013 dalla motivazione, ai metodi per migliorare le loro conoscenze e competenze interpersonali, fino ai sistemi di ricompensa delle prestazioni e al raggiungimento di una maggiore soddisfazione dei dipendenti all'interno del sistema in cui operano. Condividiamo con voi un estratto dell'intervento di Ivan, in cui durante il panel ha affermato: \"Siamo orientati verso il rafforzamento dei nostri team per aumentare la performance di gruppo, non quella individuale. Vogliamo che i dipendenti si incoraggino a vicenda, lavorino in squadra e raggiungano il successo insieme, e quindi puntiamo a creare una responsabilit\u00e0 di gruppo, non individuale. Vogliamo coinvolgere il pi\u00f9 possibile i nostri dipendenti nel sistema, nella nostra cultura, perch\u00e9 \u00e8 importante che capiscano che i cambiamenti partono da loro.\" Potete vedere l'intero panel <a href=\"https:\/\/www.youtube.com\/watch?v=6WPBWs87yyw\" target=\"_blank\" rel=\"noopener\">QUI<\/a>.<\/p>\n<p><img loading=\"lazy\" decoding=\"async\" class=\"alignnone wp-image-2451 size-full\" src=\"https:\/\/www.bekament.com\/wp-content\/uploads\/2022\/10\/lean-coaching-2022.jpg\" alt=\"\" width=\"870\" height=\"1002\" srcset=\"https:\/\/www.bekament.com\/wp-content\/uploads\/2022\/10\/lean-coaching-2022.jpg 870w, https:\/\/www.bekament.com\/wp-content\/uploads\/2022\/10\/lean-coaching-2022-260x300.jpg 260w, https:\/\/www.bekament.com\/wp-content\/uploads\/2022\/10\/lean-coaching-2022-768x885.jpg 768w\" sizes=\"auto, (max-width: 870px) 100vw, 870px\" \/><\/p>\n","protected":false},"excerpt":{"rendered":"<p>Il 4\u00b0 Congresso Lean e Kaizen, intitolato \"Cogli l'opportunit\u00e0 e trasformati in un'azienda Lean,\" si \u00e8 tenuto dal 3 al 4 ottobre presso l'Hotel Crowne Plaza di Belgrado.  <\/p>\n","protected":false},"author":1,"featured_media":17494,"comment_status":"open","ping_status":"open","sticky":false,"template":"","format":"standard","meta":{"_acf_changed":false,"inline_featured_image":false,"footnotes":""},"categories":[146],"tags":[],"class_list":["post-17493","post","type-post","status-publish","format-standard","has-post-thumbnail","hentry","category-vesti-it"],"acf":[],"yoast_head":"<!-- This site is optimized with the Yoast SEO plugin v27.1.1 - https:\/\/yoast.com\/product\/yoast-seo-wordpress\/ -->\n<title>Il Direttore HR di Bekament al 4\u00b0 Congresso Lean &amp; Kaizen Serbia 2022 - Bekament<\/title>\n<meta name=\"robots\" content=\"index, follow, max-snippet:-1, max-image-preview:large, max-video-preview:-1\" \/>\n<link rel=\"canonical\" href=\"https:\/\/www.bekament.com\/it\/il-direttore-hr-di-bekament-al-4-congresso-lean-kaizen-serbia-2022\/\" \/>\n<meta property=\"og:locale\" content=\"it_IT\" \/>\n<meta property=\"og:type\" content=\"article\" \/>\n<meta property=\"og:title\" content=\"Il Direttore HR di Bekament al 4\u00b0 Congresso Lean &amp; Kaizen Serbia 2022 - Bekament\" \/>\n<meta property=\"og:description\" content=\"Il 4\u00b0 Congresso Lean e Kaizen, intitolato &quot;Cogli l&#039;opportunit\u00e0 e trasformati in un&#039;azienda Lean,&quot; si \u00e8 tenuto dal 3 al 4 ottobre presso l&#039;Hotel Crowne Plaza di Belgrado.\" \/>\n<meta property=\"og:url\" content=\"https:\/\/www.bekament.com\/it\/il-direttore-hr-di-bekament-al-4-congresso-lean-kaizen-serbia-2022\/\" \/>\n<meta property=\"og:site_name\" content=\"Bekament\" \/>\n<meta property=\"article:publisher\" content=\"https:\/\/www.facebook.com\/Bekament\/\" \/>\n<meta property=\"article:published_time\" content=\"2022-10-11T10:19:00+00:00\" \/>\n<meta property=\"og:image\" content=\"https:\/\/www.bekament.com\/wp-content\/uploads\/2022\/10\/1240-4lean-i-kaizen-kongres-medium-jpg.jpg\" \/>\n\t<meta property=\"og:image:width\" content=\"825\" \/>\n\t<meta property=\"og:image:height\" content=\"432\" \/>\n\t<meta property=\"og:image:type\" content=\"image\/jpeg\" \/>\n<meta name=\"author\" content=\"admin\" \/>\n<meta name=\"twitter:card\" content=\"summary_large_image\" \/>\n<meta name=\"twitter:label1\" content=\"Scritto da\" \/>\n\t<meta name=\"twitter:data1\" content=\"admin\" \/>\n\t<meta name=\"twitter:label2\" content=\"Tempo di lettura stimato\" \/>\n\t<meta name=\"twitter:data2\" content=\"1 minuto\" \/>\n<script type=\"application\/ld+json\" class=\"yoast-schema-graph\">{\"@context\":\"https:\/\/schema.org\",\"@graph\":[{\"@type\":\"Article\",\"@id\":\"https:\/\/www.bekament.com\/it\/il-direttore-hr-di-bekament-al-4-congresso-lean-kaizen-serbia-2022\/#article\",\"isPartOf\":{\"@id\":\"https:\/\/www.bekament.com\/it\/il-direttore-hr-di-bekament-al-4-congresso-lean-kaizen-serbia-2022\/\"},\"author\":{\"name\":\"admin\",\"@id\":\"https:\/\/www.bekament.com\/it\/#\/schema\/person\/7d117e01a27b9a95bc635430b5928bd4\"},\"headline\":\"Il Direttore HR di Bekament al 4\u00b0 Congresso Lean &amp; Kaizen Serbia 2022\",\"datePublished\":\"2022-10-11T10:19:00+00:00\",\"mainEntityOfPage\":{\"@id\":\"https:\/\/www.bekament.com\/it\/il-direttore-hr-di-bekament-al-4-congresso-lean-kaizen-serbia-2022\/\"},\"wordCount\":283,\"commentCount\":0,\"publisher\":{\"@id\":\"https:\/\/www.bekament.com\/it\/#organization\"},\"image\":{\"@id\":\"https:\/\/www.bekament.com\/it\/il-direttore-hr-di-bekament-al-4-congresso-lean-kaizen-serbia-2022\/#primaryimage\"},\"thumbnailUrl\":\"https:\/\/www.bekament.com\/wp-content\/uploads\/2022\/10\/1240-4lean-i-kaizen-kongres-medium-jpg.jpg\",\"articleSection\":[\"Vesti\"],\"inLanguage\":\"it-IT\",\"potentialAction\":[{\"@type\":\"CommentAction\",\"name\":\"Comment\",\"target\":[\"https:\/\/www.bekament.com\/it\/il-direttore-hr-di-bekament-al-4-congresso-lean-kaizen-serbia-2022\/#respond\"]}]},{\"@type\":\"WebPage\",\"@id\":\"https:\/\/www.bekament.com\/it\/il-direttore-hr-di-bekament-al-4-congresso-lean-kaizen-serbia-2022\/\",\"url\":\"https:\/\/www.bekament.com\/it\/il-direttore-hr-di-bekament-al-4-congresso-lean-kaizen-serbia-2022\/\",\"name\":\"Il Direttore HR di Bekament al 4\u00b0 Congresso Lean &amp; Kaizen Serbia 2022 - Bekament\",\"isPartOf\":{\"@id\":\"https:\/\/www.bekament.com\/it\/#website\"},\"primaryImageOfPage\":{\"@id\":\"https:\/\/www.bekament.com\/it\/il-direttore-hr-di-bekament-al-4-congresso-lean-kaizen-serbia-2022\/#primaryimage\"},\"image\":{\"@id\":\"https:\/\/www.bekament.com\/it\/il-direttore-hr-di-bekament-al-4-congresso-lean-kaizen-serbia-2022\/#primaryimage\"},\"thumbnailUrl\":\"https:\/\/www.bekament.com\/wp-content\/uploads\/2022\/10\/1240-4lean-i-kaizen-kongres-medium-jpg.jpg\",\"datePublished\":\"2022-10-11T10:19:00+00:00\",\"breadcrumb\":{\"@id\":\"https:\/\/www.bekament.com\/it\/il-direttore-hr-di-bekament-al-4-congresso-lean-kaizen-serbia-2022\/#breadcrumb\"},\"inLanguage\":\"it-IT\",\"potentialAction\":[{\"@type\":\"ReadAction\",\"target\":[\"https:\/\/www.bekament.com\/it\/il-direttore-hr-di-bekament-al-4-congresso-lean-kaizen-serbia-2022\/\"]}]},{\"@type\":\"ImageObject\",\"inLanguage\":\"it-IT\",\"@id\":\"https:\/\/www.bekament.com\/it\/il-direttore-hr-di-bekament-al-4-congresso-lean-kaizen-serbia-2022\/#primaryimage\",\"url\":\"https:\/\/www.bekament.com\/wp-content\/uploads\/2022\/10\/1240-4lean-i-kaizen-kongres-medium-jpg.jpg\",\"contentUrl\":\"https:\/\/www.bekament.com\/wp-content\/uploads\/2022\/10\/1240-4lean-i-kaizen-kongres-medium-jpg.jpg\",\"width\":825,\"height\":432},{\"@type\":\"BreadcrumbList\",\"@id\":\"https:\/\/www.bekament.com\/it\/il-direttore-hr-di-bekament-al-4-congresso-lean-kaizen-serbia-2022\/#breadcrumb\",\"itemListElement\":[{\"@type\":\"ListItem\",\"position\":1,\"name\":\"Home\",\"item\":\"https:\/\/www.bekament.com\/it\/\"},{\"@type\":\"ListItem\",\"position\":2,\"name\":\"Il Direttore HR di Bekament al 4\u00b0 Congresso Lean &amp; Kaizen Serbia 2022\"}]},{\"@type\":\"WebSite\",\"@id\":\"https:\/\/www.bekament.com\/it\/#website\",\"url\":\"https:\/\/www.bekament.com\/it\/\",\"name\":\"Bekament\",\"description\":\"\",\"publisher\":{\"@id\":\"https:\/\/www.bekament.com\/it\/#organization\"},\"potentialAction\":[{\"@type\":\"SearchAction\",\"target\":{\"@type\":\"EntryPoint\",\"urlTemplate\":\"https:\/\/www.bekament.com\/it\/?s={search_term_string}\"},\"query-input\":{\"@type\":\"PropertyValueSpecification\",\"valueRequired\":true,\"valueName\":\"search_term_string\"}}],\"inLanguage\":\"it-IT\"},{\"@type\":\"Organization\",\"@id\":\"https:\/\/www.bekament.com\/it\/#organization\",\"name\":\"Bekament\",\"url\":\"https:\/\/www.bekament.com\/it\/\",\"logo\":{\"@type\":\"ImageObject\",\"inLanguage\":\"it-IT\",\"@id\":\"https:\/\/www.bekament.com\/it\/#\/schema\/logo\/image\/\",\"url\":\"https:\/\/www.bekament.com\/wp-content\/uploads\/2024\/06\/bekament-logo-full.png\",\"contentUrl\":\"https:\/\/www.bekament.com\/wp-content\/uploads\/2024\/06\/bekament-logo-full.png\",\"width\":321,\"height\":53,\"caption\":\"Bekament\"},\"image\":{\"@id\":\"https:\/\/www.bekament.com\/it\/#\/schema\/logo\/image\/\"},\"sameAs\":[\"https:\/\/www.facebook.com\/Bekament\/\",\"https:\/\/www.linkedin.com\/company\/bekament\/?originalSubdomain=rs\",\"https:\/\/www.instagram.com\/bekamentsrb\",\"https:\/\/www.youtube.com\/channel\/UC-pSPBUIrN_FO3OwAN200Jw\"]},{\"@type\":\"Person\",\"@id\":\"https:\/\/www.bekament.com\/it\/#\/schema\/person\/7d117e01a27b9a95bc635430b5928bd4\",\"name\":\"admin\",\"image\":{\"@type\":\"ImageObject\",\"inLanguage\":\"it-IT\",\"@id\":\"https:\/\/www.bekament.com\/it\/#\/schema\/person\/image\/\",\"url\":\"https:\/\/www.bekament.com\/wp-content\/litespeed\/avatar\/efdccd4af1c95c7b91d0ecae2aac20d3.jpg?ver=1777209586\",\"contentUrl\":\"https:\/\/www.bekament.com\/wp-content\/litespeed\/avatar\/efdccd4af1c95c7b91d0ecae2aac20d3.jpg?ver=1777209586\",\"caption\":\"admin\"},\"sameAs\":[\"https:\/\/bekament.com\"],\"url\":\"https:\/\/www.bekament.com\/it\/author\/bekament\/\"}]}<\/script>\n<!-- \/ Yoast SEO plugin. -->","yoast_head_json":{"title":"Il Direttore HR di Bekament al 4\u00b0 Congresso Lean &amp; Kaizen Serbia 2022 - Bekament","robots":{"index":"index","follow":"follow","max-snippet":"max-snippet:-1","max-image-preview":"max-image-preview:large","max-video-preview":"max-video-preview:-1"},"canonical":"https:\/\/www.bekament.com\/it\/il-direttore-hr-di-bekament-al-4-congresso-lean-kaizen-serbia-2022\/","og_locale":"it_IT","og_type":"article","og_title":"Il Direttore HR di Bekament al 4\u00b0 Congresso Lean &amp; Kaizen Serbia 2022 - Bekament","og_description":"Il 4\u00b0 Congresso Lean e Kaizen, intitolato \"Cogli l'opportunit\u00e0 e trasformati in un'azienda Lean,\" si \u00e8 tenuto dal 3 al 4 ottobre presso l'Hotel Crowne Plaza di Belgrado.","og_url":"https:\/\/www.bekament.com\/it\/il-direttore-hr-di-bekament-al-4-congresso-lean-kaizen-serbia-2022\/","og_site_name":"Bekament","article_publisher":"https:\/\/www.facebook.com\/Bekament\/","article_published_time":"2022-10-11T10:19:00+00:00","og_image":[{"width":825,"height":432,"url":"https:\/\/www.bekament.com\/wp-content\/uploads\/2022\/10\/1240-4lean-i-kaizen-kongres-medium-jpg.jpg","type":"image\/jpeg"}],"author":"admin","twitter_card":"summary_large_image","twitter_misc":{"Scritto da":"admin","Tempo di lettura stimato":"1 minuto"},"schema":{"@context":"https:\/\/schema.org","@graph":[{"@type":"Article","@id":"https:\/\/www.bekament.com\/it\/il-direttore-hr-di-bekament-al-4-congresso-lean-kaizen-serbia-2022\/#article","isPartOf":{"@id":"https:\/\/www.bekament.com\/it\/il-direttore-hr-di-bekament-al-4-congresso-lean-kaizen-serbia-2022\/"},"author":{"name":"admin","@id":"https:\/\/www.bekament.com\/it\/#\/schema\/person\/7d117e01a27b9a95bc635430b5928bd4"},"headline":"Il Direttore HR di Bekament al 4\u00b0 Congresso Lean &amp; Kaizen Serbia 2022","datePublished":"2022-10-11T10:19:00+00:00","mainEntityOfPage":{"@id":"https:\/\/www.bekament.com\/it\/il-direttore-hr-di-bekament-al-4-congresso-lean-kaizen-serbia-2022\/"},"wordCount":283,"commentCount":0,"publisher":{"@id":"https:\/\/www.bekament.com\/it\/#organization"},"image":{"@id":"https:\/\/www.bekament.com\/it\/il-direttore-hr-di-bekament-al-4-congresso-lean-kaizen-serbia-2022\/#primaryimage"},"thumbnailUrl":"https:\/\/www.bekament.com\/wp-content\/uploads\/2022\/10\/1240-4lean-i-kaizen-kongres-medium-jpg.jpg","articleSection":["Vesti"],"inLanguage":"it-IT","potentialAction":[{"@type":"CommentAction","name":"Comment","target":["https:\/\/www.bekament.com\/it\/il-direttore-hr-di-bekament-al-4-congresso-lean-kaizen-serbia-2022\/#respond"]}]},{"@type":"WebPage","@id":"https:\/\/www.bekament.com\/it\/il-direttore-hr-di-bekament-al-4-congresso-lean-kaizen-serbia-2022\/","url":"https:\/\/www.bekament.com\/it\/il-direttore-hr-di-bekament-al-4-congresso-lean-kaizen-serbia-2022\/","name":"Il Direttore HR di Bekament al 4\u00b0 Congresso Lean &amp; Kaizen Serbia 2022 - Bekament","isPartOf":{"@id":"https:\/\/www.bekament.com\/it\/#website"},"primaryImageOfPage":{"@id":"https:\/\/www.bekament.com\/it\/il-direttore-hr-di-bekament-al-4-congresso-lean-kaizen-serbia-2022\/#primaryimage"},"image":{"@id":"https:\/\/www.bekament.com\/it\/il-direttore-hr-di-bekament-al-4-congresso-lean-kaizen-serbia-2022\/#primaryimage"},"thumbnailUrl":"https:\/\/www.bekament.com\/wp-content\/uploads\/2022\/10\/1240-4lean-i-kaizen-kongres-medium-jpg.jpg","datePublished":"2022-10-11T10:19:00+00:00","breadcrumb":{"@id":"https:\/\/www.bekament.com\/it\/il-direttore-hr-di-bekament-al-4-congresso-lean-kaizen-serbia-2022\/#breadcrumb"},"inLanguage":"it-IT","potentialAction":[{"@type":"ReadAction","target":["https:\/\/www.bekament.com\/it\/il-direttore-hr-di-bekament-al-4-congresso-lean-kaizen-serbia-2022\/"]}]},{"@type":"ImageObject","inLanguage":"it-IT","@id":"https:\/\/www.bekament.com\/it\/il-direttore-hr-di-bekament-al-4-congresso-lean-kaizen-serbia-2022\/#primaryimage","url":"https:\/\/www.bekament.com\/wp-content\/uploads\/2022\/10\/1240-4lean-i-kaizen-kongres-medium-jpg.jpg","contentUrl":"https:\/\/www.bekament.com\/wp-content\/uploads\/2022\/10\/1240-4lean-i-kaizen-kongres-medium-jpg.jpg","width":825,"height":432},{"@type":"BreadcrumbList","@id":"https:\/\/www.bekament.com\/it\/il-direttore-hr-di-bekament-al-4-congresso-lean-kaizen-serbia-2022\/#breadcrumb","itemListElement":[{"@type":"ListItem","position":1,"name":"Home","item":"https:\/\/www.bekament.com\/it\/"},{"@type":"ListItem","position":2,"name":"Il Direttore HR di Bekament al 4\u00b0 Congresso Lean &amp; Kaizen Serbia 2022"}]},{"@type":"WebSite","@id":"https:\/\/www.bekament.com\/it\/#website","url":"https:\/\/www.bekament.com\/it\/","name":"Bekament","description":"","publisher":{"@id":"https:\/\/www.bekament.com\/it\/#organization"},"potentialAction":[{"@type":"SearchAction","target":{"@type":"EntryPoint","urlTemplate":"https:\/\/www.bekament.com\/it\/?s={search_term_string}"},"query-input":{"@type":"PropertyValueSpecification","valueRequired":true,"valueName":"search_term_string"}}],"inLanguage":"it-IT"},{"@type":"Organization","@id":"https:\/\/www.bekament.com\/it\/#organization","name":"Bekament","url":"https:\/\/www.bekament.com\/it\/","logo":{"@type":"ImageObject","inLanguage":"it-IT","@id":"https:\/\/www.bekament.com\/it\/#\/schema\/logo\/image\/","url":"https:\/\/www.bekament.com\/wp-content\/uploads\/2024\/06\/bekament-logo-full.png","contentUrl":"https:\/\/www.bekament.com\/wp-content\/uploads\/2024\/06\/bekament-logo-full.png","width":321,"height":53,"caption":"Bekament"},"image":{"@id":"https:\/\/www.bekament.com\/it\/#\/schema\/logo\/image\/"},"sameAs":["https:\/\/www.facebook.com\/Bekament\/","https:\/\/www.linkedin.com\/company\/bekament\/?originalSubdomain=rs","https:\/\/www.instagram.com\/bekamentsrb","https:\/\/www.youtube.com\/channel\/UC-pSPBUIrN_FO3OwAN200Jw"]},{"@type":"Person","@id":"https:\/\/www.bekament.com\/it\/#\/schema\/person\/7d117e01a27b9a95bc635430b5928bd4","name":"admin","image":{"@type":"ImageObject","inLanguage":"it-IT","@id":"https:\/\/www.bekament.com\/it\/#\/schema\/person\/image\/","url":"https:\/\/www.bekament.com\/wp-content\/litespeed\/avatar\/efdccd4af1c95c7b91d0ecae2aac20d3.jpg?ver=1777209586","contentUrl":"https:\/\/www.bekament.com\/wp-content\/litespeed\/avatar\/efdccd4af1c95c7b91d0ecae2aac20d3.jpg?ver=1777209586","caption":"admin"},"sameAs":["https:\/\/bekament.com"],"url":"https:\/\/www.bekament.com\/it\/author\/bekament\/"}]}},"_links":{"self":[{"href":"https:\/\/www.bekament.com\/it\/wp-json\/wp\/v2\/posts\/17493","targetHints":{"allow":["GET"]}}],"collection":[{"href":"https:\/\/www.bekament.com\/it\/wp-json\/wp\/v2\/posts"}],"about":[{"href":"https:\/\/www.bekament.com\/it\/wp-json\/wp\/v2\/types\/post"}],"author":[{"embeddable":true,"href":"https:\/\/www.bekament.com\/it\/wp-json\/wp\/v2\/users\/1"}],"replies":[{"embeddable":true,"href":"https:\/\/www.bekament.com\/it\/wp-json\/wp\/v2\/comments?post=17493"}],"version-history":[{"count":0,"href":"https:\/\/www.bekament.com\/it\/wp-json\/wp\/v2\/posts\/17493\/revisions"}],"wp:featuredmedia":[{"embeddable":true,"href":"https:\/\/www.bekament.com\/it\/wp-json\/wp\/v2\/media\/17494"}],"wp:attachment":[{"href":"https:\/\/www.bekament.com\/it\/wp-json\/wp\/v2\/media?parent=17493"}],"wp:term":[{"taxonomy":"category","embeddable":true,"href":"https:\/\/www.bekament.com\/it\/wp-json\/wp\/v2\/categories?post=17493"},{"taxonomy":"post_tag","embeddable":true,"href":"https:\/\/www.bekament.com\/it\/wp-json\/wp\/v2\/tags?post=17493"}],"curies":[{"name":"wp","href":"https:\/\/api.w.org\/{rel}","templated":true}]}}